{"id":99449,"date":"2026-04-28T12:55:49","date_gmt":"2026-04-28T09:55:49","guid":{"rendered":"https:\/\/www.egemtv.com\/?p=99449"},"modified":"2026-04-28T12:55:50","modified_gmt":"2026-04-28T09:55:50","slug":"manisali-gazeteciler-dron-ehliyetlerini-aldi","status":"publish","type":"post","link":"https:\/\/www.egemtv.com\/?p=99449","title":{"rendered":"Manisal\u0131 Gazeteciler dron ehliyetlerini ald\u0131"},"content":{"rendered":"<p>Manisa Gazeteciler Cemiyeti (MGC) taraf\u0131ndan hayata ge\u00e7irilen &#8220;Manisa Medya Akademisi&#8221; projesi kapsam\u0131nda e\u011fitimlerini tamamlayan gazeteciler, d\u00fczenlenen t\u00f6renle \u0130HA-1 Ticari Pilot Ehliyetlerine kavu\u015ftu. Dijital d\u00f6n\u00fc\u015f\u00fcme uyum sa\u011flamay\u0131 hedefleyen proje sayesinde yerel bas\u0131n\u0131n teknik kapasitesine \u00f6nemli bir katk\u0131 sunulmu\u015f oldu.<br \/>\n<br \/>Manisa Gazeteciler Cemiyeti \u00f6nc\u00fcl\u00fc\u011f\u00fcnde, T\u00fcrk K\u0131z\u0131lay Manisa \u0130l Ba\u015fkanl\u0131\u011f\u0131 ev sahipli\u011finde ve Manisa Celal Bayar \u00dcniversitesi S\u00fcrekli E\u011fitim Merkezi (MCB\u00dcSEM) i\u015f birli\u011fiyle ger\u00e7ekle\u015ftirilen e\u011fitim program\u0131 ba\u015far\u0131yla tamamland\u0131. Alt\u0131 g\u00fcn s\u00fcren yo\u011fun teorik ve pratik e\u011fitimlerin ard\u0131ndan s\u0131navlar\u0131 ge\u00e7en gazeteciler i\u00e7in cemiyet merkezinde sertifika t\u00f6reni d\u00fczenlendi.<br \/>\n<br \/>T\u00f6rende konu\u015fan MGC Ba\u015fkan\u0131 \u00d6nder Ayd\u0131n, projenin yerel medya ad\u0131na bir d\u00f6n\u00fcm noktas\u0131 oldu\u011funu belirterek, &#8220;G\u00fcn\u00fcm\u00fcz habercili\u011finde dijitalle\u015fme art\u0131k bir tercih de\u011fil zorunluluktur. Manisa Medya Akademisi ile meslekta\u015flar\u0131m\u0131z\u0131 gelece\u011fin habercili\u011fine haz\u0131rlama s\u00f6z\u00fc vermi\u015ftik. Bug\u00fcn bu s\u00f6z\u00fc yerine getirmenin gururunu ya\u015f\u0131yoruz. Art\u0131k haber sadece yerde de\u011fil, g\u00f6ky\u00fcz\u00fcnde de takip edilecek&#8221; dedi.<br \/>\n<br \/>Ayd\u0131n, projeye destek veren Manisa Valisi Vahdettin \u00d6zkan ba\u015fta olmak \u00fczere Sivil Toplumla \u0130li\u015fkiler Genel M\u00fcd\u00fcrl\u00fc\u011f\u00fc, Manisa Celal Bayar \u00dcniversitesi Rekt\u00f6r\u00fc Prof. Dr. Rana Kibar, T\u00fcrk K\u0131z\u0131lay Manisa \u015eube Ba\u015fkan\u0131 \u00d6ner G\u00fcrsel ve projede eme\u011fi ge\u00e7en akademisyenlere te\u015fekk\u00fcr etti.<br \/>\n<br \/>MCB\u00dc S\u00fcrekli E\u011fitim Merkezi M\u00fcd\u00fcr\u00fc Cenk Yolda\u015f ise \u00fcniversite-\u015fehir i\u015f birli\u011finin g\u00fc\u00e7l\u00fc bir \u00f6rne\u011fini sergilediklerini ifade ederek, &#8220;Alt\u0131 g\u00fcn s\u00fcren e\u011fitimlerde gazetecilerin azmi bizleri memnun etti. Bu programla birlikte sahada \u00e7ok daha nitelikli i\u015flere imza atacaklar\u0131na inan\u0131yoruz&#8221; diye konu\u015ftu.<br \/>\n<br \/>Konu\u015fmalar\u0131n ard\u0131ndan MGC Ba\u015fkan\u0131 \u00d6nder Ayd\u0131n ve MCB\u00dc S\u00fcrekli E\u011fitim Merkezi M\u00fcd\u00fcr\u00fc Cenk Yolda\u015f taraf\u0131ndan gazetecilere \u0130HA-1 Ticari Pilot Ehliyetleri ve sertifikalar\u0131 takdim edildi.<br \/>\n<br \/>Manisa Gazeteciler Cemiyeti taraf\u0131ndan haz\u0131rlanan ve 28 Kas\u0131m 2025 tarihinde ba\u015flayan Medya Akademisi projesi kapsam\u0131nda gazeteciler, yapay zeka habercili\u011fi, haber yaz\u0131m teknikleri, kriz anlar\u0131nda habercilik, sosyal medya habercili\u011fi ile hukuki hak ve sorumluluklar gibi alanlarda uzman akademisyenlerden e\u011fitim ald\u0131. E\u011fitimlerini tamamlayan gazeteciler, dron e\u011fitimlerine kat\u0131larak kendilerini mesleki anlamda geli\u015ftirme imkan\u0131 buldu.<br \/><\/p>\n","protected":false},"excerpt":{"rendered":"<p>Manisa Gazeteciler Cemiyeti (MGC) taraf\u0131ndan hayata ge\u00e7irilen &#8220;Manisa Medya Akademisi&#8221; projesi kapsam\u0131nda e\u011fitimlerini tamamlayan gazeteciler, d\u00fczenlenen t\u00f6renle \u0130HA-1 Ticari Pilot Ehliyetlerine kavu\u015ftu. Dijital d\u00f6n\u00fc\u015f\u00fcme uyum sa\u011flamay\u0131 hedefleyen proje sayesinde yerel bas\u0131n\u0131n teknik kapasitesine \u00f6nemli bir katk\u0131 sunulmu\u015f oldu. Manisa Gazeteciler Cemiyeti \u00f6nc\u00fcl\u00fc\u011f\u00fcnde, T\u00fcrk K\u0131z\u0131lay Manisa \u0130l Ba\u015fkanl\u0131\u011f\u0131 ev sahipli\u011finde ve Manisa Celal Bayar \u00dcniversitesi S\u00fcrekli&#8230;<\/p>\n","protected":false},"author":1,"featured_media":99450,"comment_status":"open","ping_status":"open","sticky":false,"template":"","format":"standard","meta":{"_crdt_document":"","footnotes":""},"categories":[124],"tags":[],"class_list":["post-99449","post","type-post","status-publish","format-standard","has-post-thumbnail","hentry","category-bilim"],"_links":{"self":[{"href":"https:\/\/www.egemtv.com\/index.php?rest_route=\/wp\/v2\/posts\/99449","targetHints":{"allow":["GET"]}}],"collection":[{"href":"https:\/\/www.egemtv.com\/index.php?rest_route=\/wp\/v2\/posts"}],"about":[{"href":"https:\/\/www.egemtv.com\/index.php?rest_route=\/wp\/v2\/types\/post"}],"author":[{"embeddable":true,"href":"https:\/\/www.egemtv.com\/index.php?rest_route=\/wp\/v2\/users\/1"}],"replies":[{"embeddable":true,"href":"https:\/\/www.egemtv.com\/index.php?rest_route=%2Fwp%2Fv2%2Fcomments&post=99449"}],"version-history":[{"count":1,"href":"https:\/\/www.egemtv.com\/index.php?rest_route=\/wp\/v2\/posts\/99449\/revisions"}],"predecessor-version":[{"id":99451,"href":"https:\/\/www.egemtv.com\/index.php?rest_route=\/wp\/v2\/posts\/99449\/revisions\/99451"}],"wp:featuredmedia":[{"embeddable":true,"href":"https:\/\/www.egemtv.com\/index.php?rest_route=\/wp\/v2\/media\/99450"}],"wp:attachment":[{"href":"https:\/\/www.egemtv.com\/index.php?rest_route=%2Fwp%2Fv2%2Fmedia&parent=99449"}],"wp:term":[{"taxonomy":"category","embeddable":true,"href":"https:\/\/www.egemtv.com\/index.php?rest_route=%2Fwp%2Fv2%2Fcategories&post=99449"},{"taxonomy":"post_tag","embeddable":true,"href":"https:\/\/www.egemtv.com\/index.php?rest_route=%2Fwp%2Fv2%2Ftags&post=99449"}],"curies":[{"name":"wp","href":"https:\/\/api.w.org\/{rel}","templated":true}]}}