{"id":99446,"date":"2026-04-28T12:55:48","date_gmt":"2026-04-28T09:55:48","guid":{"rendered":"https:\/\/www.egemtv.com\/?p=99446"},"modified":"2026-04-28T12:55:49","modified_gmt":"2026-04-28T09:55:49","slug":"avsar-ayesob-adayligindan-cekildi","status":"publish","type":"post","link":"https:\/\/www.egemtv.com\/?p=99446","title":{"rendered":"Av\u015far, AYESOB adayl\u0131\u011f\u0131ndan \u00e7ekildi"},"content":{"rendered":"<p>Ayd\u0131n Esnaf ve Sanatkarlar Odalar\u0131 Birli\u011fi (AYESOB) Ba\u015fkanl\u0131\u011f\u0131 se\u00e7imleri \u00f6ncesinde Ayd\u0131n Berberler Kuaf\u00f6rler ve G\u00fczellik Salonlar\u0131 Odas\u0131 Ba\u015fkan\u0131 Serhan Av\u015far, yapt\u0131\u011f\u0131 yaz\u0131l\u0131 a\u00e7\u0131klamayla adayl\u0131ktan \u00e7ekildi\u011fini duyurdu.<\/p>\n<p>3 May\u0131s\u2019ta ger\u00e7ekle\u015fecek olan Ayd\u0131n Esnaf ve Sanatkarlar Odalar\u0131 Birli\u011fi (AYESOB) Ba\u015fkanl\u0131\u011f\u0131 se\u00e7imleri i\u00e7in geri say\u0131m ba\u015flarken, Ayd\u0131n Berberler Kuaf\u00f6rler ve G\u00fczellik Salonlar\u0131 Odas\u0131 Ba\u015fkan\u0131 Serhan Av\u015far, adayl\u0131ktan \u00e7ekildi\u011fini duyurdu. Av\u015far, yapt\u0131\u011f\u0131 yaz\u0131l\u0131 a\u00e7\u0131klamada adayl\u0131k s\u00fcrecini b\u00fcy\u00fck bir heyecan ve hizmet a\u015fk\u0131yla ba\u015flatt\u0131\u011f\u0131n\u0131 ancak yap\u0131lan isti\u015fareler ve gelinen noktada s\u00fcreci sonland\u0131rma karar\u0131 ald\u0131\u011f\u0131n\u0131 belirtti. Karar\u0131n\u0131n temelinde uzun vadede daha g\u00fc\u00e7l\u00fc bir birliktelik zemini olu\u015fturma d\u00fc\u015f\u00fcncesinin yer ald\u0131\u011f\u0131n\u0131 ifade eden Av\u015far, a\u00e7\u0131klamas\u0131nda &#8220;Ayd\u0131n Esnaf ve Sanatkarlar Odalar\u0131 Birli\u011fi (AYESOB) Ba\u015fkanl\u0131\u011f\u0131 i\u00e7in b\u00fcy\u00fck bir heyecan ve hizmet a\u015fk\u0131yla ba\u015flatt\u0131\u011f\u0131m\u0131z adayl\u0131k s\u00fcrecimizi, yapt\u0131\u011f\u0131m\u0131z isti\u015fareler ve g\u00f6rd\u00fc\u011f\u00fcm\u00fcz l\u00fczum \u00fczerine bug\u00fcn itibar\u0131yla sonland\u0131rm\u0131\u015f bulunmaktay\u0131m. Bu karar\u0131m\u0131n temelinde, k\u0131sa vadeli sonu\u00e7lardan ziyade uzun vadede daha g\u00fc\u00e7l\u00fc bir birliktelik zemini olu\u015fturma d\u00fc\u015f\u00fcncesi yer almaktad\u0131r. Bu karar bir geri ad\u0131m de\u011fildir. Aksine, \u015fartlar\u0131 okuyarak do\u011fru zaman\u0131 bekleme ve daha g\u00fc\u00e7l\u00fc gelme tercihidir. \u015eunu herkesin bilmesini isterim ki, bu bir son de\u011fil, \u00e7ok daha g\u00fc\u00e7l\u00fc bir ba\u015flang\u0131c\u0131n ilk ad\u0131m\u0131d\u0131r. Bizim i\u00e7in makamlar sadece birer hizmet arac\u0131d\u0131r. Esnaf\u0131m\u0131z\u0131n birli\u011fi ve beraberli\u011fi, her t\u00fcrl\u00fc \u015fahsi ikbalin \u00fczerindedir. Ayd\u0131n\u2019\u0131m\u0131za ve esnaf\u0131m\u0131za hizmet etmeye, her zaman oldu\u011fu gibi bug\u00fcnden sonra da farkl\u0131 kulvarlarda kararl\u0131l\u0131kla devam edece\u011fiz. Kazanan esnaf\u0131m\u0131z, kazanan Ayd\u0131n\u2019\u0131m\u0131z olsun. S\u00fcrecin ba\u015f\u0131ndan itibaren benimsedi\u011fimiz tarafs\u0131zl\u0131k ilkesi do\u011frultusunda, aday olan hi\u00e7bir isim lehine ya da aleyhine bir tutum i\u00e7erisinde olmad\u0131\u011f\u0131m\u0131z\u0131 \u00f6zellikle ifade etmek isterim. T\u00fcm adaylara e\u015fit mesafede oldu\u011fumuzu kamuoyunun bilgisine sunar\u0131m. Bu s\u00fcre\u00e7te \u015fahs\u0131ma destek veren, dualar\u0131n\u0131 esirgemeyen ba\u015fta aileme t\u00fcm oda ba\u015fkanlar\u0131m\u0131za, y\u00f6netim kurulu \u00fcyelerine ve esnaf karde\u015flerimize ve yol arkada\u015flar\u0131ma en kalbi \u015f\u00fckranlar\u0131m\u0131 sunuyorum&#8221; ifadelerini kulland\u0131.<br \/><\/p>\n","protected":false},"excerpt":{"rendered":"<p>Ayd\u0131n Esnaf ve Sanatkarlar Odalar\u0131 Birli\u011fi (AYESOB) Ba\u015fkanl\u0131\u011f\u0131 se\u00e7imleri \u00f6ncesinde Ayd\u0131n Berberler Kuaf\u00f6rler ve G\u00fczellik Salonlar\u0131 Odas\u0131 Ba\u015fkan\u0131 Serhan Av\u015far, yapt\u0131\u011f\u0131 yaz\u0131l\u0131 a\u00e7\u0131klamayla adayl\u0131ktan \u00e7ekildi\u011fini duyurdu. 3 May\u0131s\u2019ta ger\u00e7ekle\u015fecek olan Ayd\u0131n Esnaf ve Sanatkarlar Odalar\u0131 Birli\u011fi (AYESOB) Ba\u015fkanl\u0131\u011f\u0131 se\u00e7imleri i\u00e7in geri say\u0131m ba\u015flarken, Ayd\u0131n Berberler Kuaf\u00f6rler ve G\u00fczellik Salonlar\u0131 Odas\u0131 Ba\u015fkan\u0131 Serhan Av\u015far, adayl\u0131ktan \u00e7ekildi\u011fini&#8230;<\/p>\n","protected":false},"author":1,"featured_media":99447,"comment_status":"open","ping_status":"open","sticky":false,"template":"","format":"standard","meta":{"_crdt_document":"","footnotes":""},"categories":[1],"tags":[],"class_list":["post-99446","post","type-post","status-publish","format-standard","has-post-thumbnail","hentry","category-guncel"],"_links":{"self":[{"href":"https:\/\/www.egemtv.com\/index.php?rest_route=\/wp\/v2\/posts\/99446","targetHints":{"allow":["GET"]}}],"collection":[{"href":"https:\/\/www.egemtv.com\/index.php?rest_route=\/wp\/v2\/posts"}],"about":[{"href":"https:\/\/www.egemtv.com\/index.php?rest_route=\/wp\/v2\/types\/post"}],"author":[{"embeddable":true,"href":"https:\/\/www.egemtv.com\/index.php?rest_route=\/wp\/v2\/users\/1"}],"replies":[{"embeddable":true,"href":"https:\/\/www.egemtv.com\/index.php?rest_route=%2Fwp%2Fv2%2Fcomments&post=99446"}],"version-history":[{"count":1,"href":"https:\/\/www.egemtv.com\/index.php?rest_route=\/wp\/v2\/posts\/99446\/revisions"}],"predecessor-version":[{"id":99448,"href":"https:\/\/www.egemtv.com\/index.php?rest_route=\/wp\/v2\/posts\/99446\/revisions\/99448"}],"wp:featuredmedia":[{"embeddable":true,"href":"https:\/\/www.egemtv.com\/index.php?rest_route=\/wp\/v2\/media\/99447"}],"wp:attachment":[{"href":"https:\/\/www.egemtv.com\/index.php?rest_route=%2Fwp%2Fv2%2Fmedia&parent=99446"}],"wp:term":[{"taxonomy":"category","embeddable":true,"href":"https:\/\/www.egemtv.com\/index.php?rest_route=%2Fwp%2Fv2%2Fcategories&post=99446"},{"taxonomy":"post_tag","embeddable":true,"href":"https:\/\/www.egemtv.com\/index.php?rest_route=%2Fwp%2Fv2%2Ftags&post=99446"}],"curies":[{"name":"wp","href":"https:\/\/api.w.org\/{rel}","templated":true}]}}