{"id":99443,"date":"2026-04-28T12:55:47","date_gmt":"2026-04-28T09:55:47","guid":{"rendered":"https:\/\/www.egemtv.com\/?p=99443"},"modified":"2026-04-28T12:55:48","modified_gmt":"2026-04-28T09:55:48","slug":"tavsanlida-ureticilere-yonelik-bilgilendirme-egitimi","status":"publish","type":"post","link":"https:\/\/www.egemtv.com\/?p=99443","title":{"rendered":"Tav\u015fanl\u0131\u2019da \u00fcreticilere y\u00f6nelik bilgilendirme e\u011fitimi"},"content":{"rendered":"<p>K\u00fctahya\u2019n\u0131n Tav\u015fanl\u0131 il\u00e7esinde \u00fcreticilere y\u00f6nelik bilgilendirme e\u011fitimi ger\u00e7ekle\u015ftirildi.<br \/>\n<br \/>Tav\u015fanl\u0131 \u0130l\u00e7e Tar\u0131m ve Orman M\u00fcd\u00fcrl\u00fc\u011f\u00fc teknik personeli taraf\u0131ndan G\u00f6bel K\u00f6y\u00fc\u2019nde d\u00fczenlenen e\u011fitimde; bitki koruma \u00fcr\u00fcnlerinin do\u011fru ve bilin\u00e7li kullan\u0131m\u0131, uygulama teknikleri ile \u00e7evrenin ve \u00f6zellikle ar\u0131lar\u0131n korunmas\u0131na y\u00f6nelik \u00f6nemli bilgiler payla\u015f\u0131ld\u0131.<br \/>\n<br \/>E\u011fitim kapsam\u0131nda ayr\u0131ca \u00fcreticilerin Bitki Koruma \u00dcr\u00fcnleri Uygulama Belgesi alabilmeleri i\u00e7in gerekli s\u00fcre\u00e7 hakk\u0131nda da destek sa\u011fland\u0131.<br \/><\/p>\n","protected":false},"excerpt":{"rendered":"<p>K\u00fctahya\u2019n\u0131n Tav\u015fanl\u0131 il\u00e7esinde \u00fcreticilere y\u00f6nelik bilgilendirme e\u011fitimi ger\u00e7ekle\u015ftirildi. Tav\u015fanl\u0131 \u0130l\u00e7e Tar\u0131m ve Orman M\u00fcd\u00fcrl\u00fc\u011f\u00fc teknik personeli taraf\u0131ndan G\u00f6bel K\u00f6y\u00fc\u2019nde d\u00fczenlenen e\u011fitimde; bitki koruma \u00fcr\u00fcnlerinin do\u011fru ve bilin\u00e7li kullan\u0131m\u0131, uygulama teknikleri ile \u00e7evrenin ve \u00f6zellikle ar\u0131lar\u0131n korunmas\u0131na y\u00f6nelik \u00f6nemli bilgiler payla\u015f\u0131ld\u0131. E\u011fitim kapsam\u0131nda ayr\u0131ca \u00fcreticilerin Bitki Koruma \u00dcr\u00fcnleri Uygulama Belgesi alabilmeleri i\u00e7in gerekli s\u00fcre\u00e7 hakk\u0131nda da&#8230;<\/p>\n","protected":false},"author":1,"featured_media":99444,"comment_status":"open","ping_status":"open","sticky":false,"template":"","format":"standard","meta":{"_crdt_document":"","footnotes":""},"categories":[1],"tags":[],"class_list":["post-99443","post","type-post","status-publish","format-standard","has-post-thumbnail","hentry","category-guncel"],"_links":{"self":[{"href":"https:\/\/www.egemtv.com\/index.php?rest_route=\/wp\/v2\/posts\/99443","targetHints":{"allow":["GET"]}}],"collection":[{"href":"https:\/\/www.egemtv.com\/index.php?rest_route=\/wp\/v2\/posts"}],"about":[{"href":"https:\/\/www.egemtv.com\/index.php?rest_route=\/wp\/v2\/types\/post"}],"author":[{"embeddable":true,"href":"https:\/\/www.egemtv.com\/index.php?rest_route=\/wp\/v2\/users\/1"}],"replies":[{"embeddable":true,"href":"https:\/\/www.egemtv.com\/index.php?rest_route=%2Fwp%2Fv2%2Fcomments&post=99443"}],"version-history":[{"count":1,"href":"https:\/\/www.egemtv.com\/index.php?rest_route=\/wp\/v2\/posts\/99443\/revisions"}],"predecessor-version":[{"id":99445,"href":"https:\/\/www.egemtv.com\/index.php?rest_route=\/wp\/v2\/posts\/99443\/revisions\/99445"}],"wp:featuredmedia":[{"embeddable":true,"href":"https:\/\/www.egemtv.com\/index.php?rest_route=\/wp\/v2\/media\/99444"}],"wp:attachment":[{"href":"https:\/\/www.egemtv.com\/index.php?rest_route=%2Fwp%2Fv2%2Fmedia&parent=99443"}],"wp:term":[{"taxonomy":"category","embeddable":true,"href":"https:\/\/www.egemtv.com\/index.php?rest_route=%2Fwp%2Fv2%2Fcategories&post=99443"},{"taxonomy":"post_tag","embeddable":true,"href":"https:\/\/www.egemtv.com\/index.php?rest_route=%2Fwp%2Fv2%2Ftags&post=99443"}],"curies":[{"name":"wp","href":"https:\/\/api.w.org\/{rel}","templated":true}]}}