{"id":99437,"date":"2026-04-28T12:20:48","date_gmt":"2026-04-28T09:20:48","guid":{"rendered":"https:\/\/www.egemtv.com\/?p=99437"},"modified":"2026-04-28T12:20:49","modified_gmt":"2026-04-28T09:20:49","slug":"aydin-buyuksehirden-germencikte-kucuk-ureticilere-yem-destegi","status":"publish","type":"post","link":"https:\/\/www.egemtv.com\/?p=99437","title":{"rendered":"Ayd\u0131n B\u00fcy\u00fck\u015fehir\u2019den Germencik\u2019te k\u00fc\u00e7\u00fck \u00fcreticilere yem deste\u011fi"},"content":{"rendered":"<p>Ayd\u0131n B\u00fcy\u00fck\u015fehir Belediye Ba\u015fkan\u0131 \u00d6zlem \u00c7er\u00e7io\u011flu\u2019nun \u00f6nc\u00fcl\u00fc\u011f\u00fcnde k\u0131rsal kalk\u0131nmay\u0131 destekleyen \u00e7al\u0131\u015fmalar\u0131n\u0131 s\u00fcrd\u00fcren eden Ayd\u0131n B\u00fcy\u00fck\u015fehir Belediyesi, yem hibesi projesini Germencik\u2019te k\u00fc\u00e7\u00fck \u00fcreticilerle bulu\u015fturdu.<\/p>\n<p>Ayd\u0131n B\u00fcy\u00fck\u015fehir Belediye Ba\u015fkan\u0131 \u00d6zlem \u00c7er\u00e7io\u011flu\u2019nun \u00fcretimin s\u00fcrd\u00fcr\u00fclebilirli\u011fini sa\u011flamaya ve hayvanc\u0131l\u0131\u011f\u0131 desteklemeye y\u00f6nelik \u00e7al\u0131\u015fmalar\u0131 kapsam\u0131nda, 5 ve alt\u0131nda b\u00fcy\u00fckba\u015f hayvana sahip \u00fcreticilere s\u0131\u011f\u0131r s\u00fct yemi ve s\u0131\u011f\u0131r besi yemi deste\u011fi sa\u011flan\u0131yor. Ayd\u0131n B\u00fcy\u00fck\u015fehir Belediyesi ekipleri taraf\u0131ndan planl\u0131 \u015fekilde ger\u00e7ekle\u015ftirilen da\u011f\u0131t\u0131mlar do\u011frultusunda Germencik\u2019teki \u00fcreticilere ula\u015ft\u0131r\u0131lan yem hibesi, b\u00f6lgedeki yeti\u015ftiriciler taraf\u0131ndan memnuniyetle kar\u015f\u0131land\u0131. \u00dcreticiler, verilen desteklerden memnuniyet duyduklar\u0131n\u0131 belirterek Ba\u015fkan \u00c7er\u00e7io\u011flu\u2019na te\u015fekk\u00fcr etti.<\/p>\n<p>Ayd\u0131n B\u00fcy\u00fck\u015fehir Belediye Ba\u015fkan\u0131 \u00d6zlem \u00c7er\u00e7io\u011flu, \u00fcreticilere desteklerinin s\u00fcrece\u011fini belirtti ve &#8220;\u00c7al\u0131\u015fma ve projelerimizle \u00fcreticilerimizin yan\u0131nda olmaya devam ediyoruz. K\u0131rsal mahallelerimizde hayvanc\u0131l\u0131\u011f\u0131 destekleyen \u00e7al\u0131\u015fmalar\u0131m\u0131z\u0131 s\u00fcrd\u00fcr\u00fcyor, projelerimizi hem\u015fehrilerimizle bulu\u015fturuyoruz. \u00c7al\u0131\u015fmalar\u0131m\u0131za devam edece\u011fiz. Hizmetle b\u00fcy\u00fcyen Ayd\u0131n&#8221; ifadelerini kulland\u0131.<br \/><\/p>\n","protected":false},"excerpt":{"rendered":"<p>Ayd\u0131n B\u00fcy\u00fck\u015fehir Belediye Ba\u015fkan\u0131 \u00d6zlem \u00c7er\u00e7io\u011flu\u2019nun \u00f6nc\u00fcl\u00fc\u011f\u00fcnde k\u0131rsal kalk\u0131nmay\u0131 destekleyen \u00e7al\u0131\u015fmalar\u0131n\u0131 s\u00fcrd\u00fcren eden Ayd\u0131n B\u00fcy\u00fck\u015fehir Belediyesi, yem hibesi projesini Germencik\u2019te k\u00fc\u00e7\u00fck \u00fcreticilerle bulu\u015fturdu. Ayd\u0131n B\u00fcy\u00fck\u015fehir Belediye Ba\u015fkan\u0131 \u00d6zlem \u00c7er\u00e7io\u011flu\u2019nun \u00fcretimin s\u00fcrd\u00fcr\u00fclebilirli\u011fini sa\u011flamaya ve hayvanc\u0131l\u0131\u011f\u0131 desteklemeye y\u00f6nelik \u00e7al\u0131\u015fmalar\u0131 kapsam\u0131nda, 5 ve alt\u0131nda b\u00fcy\u00fckba\u015f hayvana sahip \u00fcreticilere s\u0131\u011f\u0131r s\u00fct yemi ve s\u0131\u011f\u0131r besi yemi deste\u011fi sa\u011flan\u0131yor. Ayd\u0131n&#8230;<\/p>\n","protected":false},"author":1,"featured_media":99438,"comment_status":"open","ping_status":"open","sticky":false,"template":"","format":"standard","meta":{"_crdt_document":"","footnotes":""},"categories":[1],"tags":[],"class_list":["post-99437","post","type-post","status-publish","format-standard","has-post-thumbnail","hentry","category-guncel"],"_links":{"self":[{"href":"https:\/\/www.egemtv.com\/index.php?rest_route=\/wp\/v2\/posts\/99437","targetHints":{"allow":["GET"]}}],"collection":[{"href":"https:\/\/www.egemtv.com\/index.php?rest_route=\/wp\/v2\/posts"}],"about":[{"href":"https:\/\/www.egemtv.com\/index.php?rest_route=\/wp\/v2\/types\/post"}],"author":[{"embeddable":true,"href":"https:\/\/www.egemtv.com\/index.php?rest_route=\/wp\/v2\/users\/1"}],"replies":[{"embeddable":true,"href":"https:\/\/www.egemtv.com\/index.php?rest_route=%2Fwp%2Fv2%2Fcomments&post=99437"}],"version-history":[{"count":1,"href":"https:\/\/www.egemtv.com\/index.php?rest_route=\/wp\/v2\/posts\/99437\/revisions"}],"predecessor-version":[{"id":99439,"href":"https:\/\/www.egemtv.com\/index.php?rest_route=\/wp\/v2\/posts\/99437\/revisions\/99439"}],"wp:featuredmedia":[{"embeddable":true,"href":"https:\/\/www.egemtv.com\/index.php?rest_route=\/wp\/v2\/media\/99438"}],"wp:attachment":[{"href":"https:\/\/www.egemtv.com\/index.php?rest_route=%2Fwp%2Fv2%2Fmedia&parent=99437"}],"wp:term":[{"taxonomy":"category","embeddable":true,"href":"https:\/\/www.egemtv.com\/index.php?rest_route=%2Fwp%2Fv2%2Fcategories&post=99437"},{"taxonomy":"post_tag","embeddable":true,"href":"https:\/\/www.egemtv.com\/index.php?rest_route=%2Fwp%2Fv2%2Ftags&post=99437"}],"curies":[{"name":"wp","href":"https:\/\/api.w.org\/{rel}","templated":true}]}}