{"id":99434,"date":"2026-04-28T11:45:54","date_gmt":"2026-04-28T08:45:54","guid":{"rendered":"https:\/\/www.egemtv.com\/?p=99434"},"modified":"2026-04-28T11:45:56","modified_gmt":"2026-04-28T08:45:56","slug":"hububat-ta-gorulen-sune-ve-diger-zararlilara-karsi-kontroller-basladi","status":"publish","type":"post","link":"https:\/\/www.egemtv.com\/?p=99434","title":{"rendered":"Hububat ta g\u00f6r\u00fclen s\u00fcne ve di\u011fer zararl\u0131lara kar\u015f\u0131 kontroller ba\u015flad\u0131"},"content":{"rendered":"<p>Afyonkarahisar\u2019da tarla ekim sezonun ba\u015flamas\u0131yla birlikte hububat \u00fcr\u00fcnlerinde g\u00f6r\u00fclen s\u00fcne ve di\u011fer zararl\u0131lara kar\u015f\u0131 kontroller ba\u015flad\u0131.<br \/>\n<br \/>Kontrollerin Afyonkarahisar Tar\u0131m ve Orman \u0130l M\u00fcd\u00fcrl\u00fc\u011f\u00fc ekipleri taraf\u0131ndan yap\u0131ld\u0131\u011f\u0131 belirtildi. Yap\u0131lan \u00e7al\u0131\u015fman\u0131n ard\u0131ndan kurumdan yap\u0131lan yaz\u0131l\u0131 a\u00e7\u0131klamada ise &#8220;Bitkisel \u00fcretimde verim ve kalite kay\u0131plar\u0131n\u0131n \u00f6nlenmesi amac\u0131yla il ve il\u00e7e m\u00fcd\u00fcrl\u00fcklerimizce y\u00fcr\u00fct\u00fclen hastal\u0131k ve zararl\u0131 takip \u00e7al\u0131\u015fmalar\u0131, il genelinde aral\u0131ks\u0131z olarak s\u00fcrd\u00fcr\u00fclmektedir. Bu \u00e7er\u00e7evede hububat \u00fcretiminde \u00f6nemli kay\u0131plara yol a\u00e7abilen s\u00fcne zararl\u0131s\u0131na kar\u015f\u0131 saha kontrollerimiz devam etmektedir. \u0130l ve il\u00e7e m\u00fcd\u00fcrl\u00fc\u011f\u00fcm\u00fcz teknik ekiplerince y\u00fcr\u00fct\u00fclen ilkbahar k\u0131\u015flak s\u00fcrveyleri ile zararl\u0131n\u0131n pop\u00fclasyon yo\u011funlu\u011fu ve ovaya g\u00f6\u00e7 durumu takip edilmekte; m\u00fccadeleye esas veriler sahadan d\u00fczenli olarak toplanmaktad\u0131r. Ayr\u0131ca hububat alanlar\u0131nda di\u011fer hastal\u0131k ve zararl\u0131lara y\u00f6nelik g\u00f6zlem ve kontroller de titizlikle y\u00fcr\u00fct\u00fclerek, \u00fcreticilerimizin zaman\u0131nda ve do\u011fru \u015fekilde bilgilendirilmesine y\u00f6nelik \u00e7al\u0131\u015fmalar yap\u0131lmaktad\u0131r. \u00dcreticilerimizin eme\u011fini korumak, verim kay\u0131plar\u0131n\u0131 en aza indirmek ve s\u00fcrd\u00fcr\u00fclebilir tar\u0131msal \u00fcretimi g\u00fc\u00e7lendirmek amac\u0131yla sahadaki \u00e7al\u0131\u015fmalar\u0131m\u0131z kararl\u0131l\u0131kla devam etmektedir&#8221; ifadelerine yer verildi.<br \/><\/p>\n","protected":false},"excerpt":{"rendered":"<p>Afyonkarahisar\u2019da tarla ekim sezonun ba\u015flamas\u0131yla birlikte hububat \u00fcr\u00fcnlerinde g\u00f6r\u00fclen s\u00fcne ve di\u011fer zararl\u0131lara kar\u015f\u0131 kontroller ba\u015flad\u0131. Kontrollerin Afyonkarahisar Tar\u0131m ve Orman \u0130l M\u00fcd\u00fcrl\u00fc\u011f\u00fc ekipleri taraf\u0131ndan yap\u0131ld\u0131\u011f\u0131 belirtildi. Yap\u0131lan \u00e7al\u0131\u015fman\u0131n ard\u0131ndan kurumdan yap\u0131lan yaz\u0131l\u0131 a\u00e7\u0131klamada ise &#8220;Bitkisel \u00fcretimde verim ve kalite kay\u0131plar\u0131n\u0131n \u00f6nlenmesi amac\u0131yla il ve il\u00e7e m\u00fcd\u00fcrl\u00fcklerimizce y\u00fcr\u00fct\u00fclen hastal\u0131k ve zararl\u0131 takip \u00e7al\u0131\u015fmalar\u0131, il genelinde&#8230;<\/p>\n","protected":false},"author":1,"featured_media":99435,"comment_status":"open","ping_status":"open","sticky":false,"template":"","format":"standard","meta":{"_crdt_document":"","footnotes":""},"categories":[1],"tags":[],"class_list":["post-99434","post","type-post","status-publish","format-standard","has-post-thumbnail","hentry","category-guncel"],"_links":{"self":[{"href":"https:\/\/www.egemtv.com\/index.php?rest_route=\/wp\/v2\/posts\/99434","targetHints":{"allow":["GET"]}}],"collection":[{"href":"https:\/\/www.egemtv.com\/index.php?rest_route=\/wp\/v2\/posts"}],"about":[{"href":"https:\/\/www.egemtv.com\/index.php?rest_route=\/wp\/v2\/types\/post"}],"author":[{"embeddable":true,"href":"https:\/\/www.egemtv.com\/index.php?rest_route=\/wp\/v2\/users\/1"}],"replies":[{"embeddable":true,"href":"https:\/\/www.egemtv.com\/index.php?rest_route=%2Fwp%2Fv2%2Fcomments&post=99434"}],"version-history":[{"count":1,"href":"https:\/\/www.egemtv.com\/index.php?rest_route=\/wp\/v2\/posts\/99434\/revisions"}],"predecessor-version":[{"id":99436,"href":"https:\/\/www.egemtv.com\/index.php?rest_route=\/wp\/v2\/posts\/99434\/revisions\/99436"}],"wp:featuredmedia":[{"embeddable":true,"href":"https:\/\/www.egemtv.com\/index.php?rest_route=\/wp\/v2\/media\/99435"}],"wp:attachment":[{"href":"https:\/\/www.egemtv.com\/index.php?rest_route=%2Fwp%2Fv2%2Fmedia&parent=99434"}],"wp:term":[{"taxonomy":"category","embeddable":true,"href":"https:\/\/www.egemtv.com\/index.php?rest_route=%2Fwp%2Fv2%2Fcategories&post=99434"},{"taxonomy":"post_tag","embeddable":true,"href":"https:\/\/www.egemtv.com\/index.php?rest_route=%2Fwp%2Fv2%2Ftags&post=99434"}],"curies":[{"name":"wp","href":"https:\/\/api.w.org\/{rel}","templated":true}]}}