{"id":99431,"date":"2026-04-28T11:45:52","date_gmt":"2026-04-28T08:45:52","guid":{"rendered":"https:\/\/www.egemtv.com\/?p=99431"},"modified":"2026-04-28T11:45:54","modified_gmt":"2026-04-28T08:45:54","slug":"nazilli-belediyesi-1-geleneksel-kakava-senlikleri-basliyor","status":"publish","type":"post","link":"https:\/\/www.egemtv.com\/?p=99431","title":{"rendered":"Nazilli Belediyesi 1. Geleneksel Kakava \u015eenlikleri ba\u015fl\u0131yor"},"content":{"rendered":"<p>Nazilli Belediyesi taraf\u0131ndan bu y\u0131l ilk kez d\u00fczenlenecek olan 1. Geleneksel Kakava \u015eenlikleri, 6 May\u0131s \u00c7ar\u015famba g\u00fcn\u00fc saat 17.00\u2019de ba\u015flayacak.<\/p>\n<p>\u015eenlikler, Kurtulu\u015f Mahallesi\u2019nden hareket edecek kortej y\u00fcr\u00fcy\u00fc\u015f\u00fcyle start alacak. Renkli g\u00f6r\u00fcnt\u00fclere sahne olmas\u0131 beklenen y\u00fcr\u00fcy\u00fc\u015fte, danslar ve m\u00fczik e\u015fli\u011finde vatanda\u015flar Cumhuriyet Meydan\u0131\u2019na kadar ilerleyecek.<\/p>\n<p>Cumhuriyet Meydan\u0131\u2019nda ise H\u0131d\u0131rellez co\u015fkusu doru\u011fa ula\u015facak. Geleneksel rit\u00fcellerin ya\u015fat\u0131laca\u011f\u0131 etkinlikte ate\u015f \u00fczerinden atlama, \u00e7e\u015fitli g\u00f6steriler ve e\u011flenceli aktiviteler ger\u00e7ekle\u015ftirilecek. Vatanda\u015flar bahar\u0131n geli\u015fini m\u00fczik ve dansla kutlayacak.<\/p>\n<p>T\u00fcm Nazilli halk\u0131n\u0131 bu \u00f6zel g\u00fcne davet eden Nazilli Belediye Ba\u015fkan\u0131 Dr. Ertu\u011frul Tetik, Kakava ve H\u0131d\u0131rellez\u2019in birlik, beraberlik ve umut anlam\u0131 ta\u015f\u0131d\u0131\u011f\u0131n\u0131 belirterek; &#8220;T\u00fcm hem\u015fehrilerimizi bu co\u015fkuyu birlikte ya\u015famaya davet ediyorum&#8221; dedi.<br \/><\/p>\n","protected":false},"excerpt":{"rendered":"<p>Nazilli Belediyesi taraf\u0131ndan bu y\u0131l ilk kez d\u00fczenlenecek olan 1. Geleneksel Kakava \u015eenlikleri, 6 May\u0131s \u00c7ar\u015famba g\u00fcn\u00fc saat 17.00\u2019de ba\u015flayacak. \u015eenlikler, Kurtulu\u015f Mahallesi\u2019nden hareket edecek kortej y\u00fcr\u00fcy\u00fc\u015f\u00fcyle start alacak. Renkli g\u00f6r\u00fcnt\u00fclere sahne olmas\u0131 beklenen y\u00fcr\u00fcy\u00fc\u015fte, danslar ve m\u00fczik e\u015fli\u011finde vatanda\u015flar Cumhuriyet Meydan\u0131\u2019na kadar ilerleyecek. Cumhuriyet Meydan\u0131\u2019nda ise H\u0131d\u0131rellez co\u015fkusu doru\u011fa ula\u015facak. Geleneksel rit\u00fcellerin ya\u015fat\u0131laca\u011f\u0131 etkinlikte&#8230;<\/p>\n","protected":false},"author":1,"featured_media":99432,"comment_status":"open","ping_status":"open","sticky":false,"template":"","format":"standard","meta":{"_crdt_document":"","footnotes":""},"categories":[1],"tags":[],"class_list":["post-99431","post","type-post","status-publish","format-standard","has-post-thumbnail","hentry","category-guncel"],"_links":{"self":[{"href":"https:\/\/www.egemtv.com\/index.php?rest_route=\/wp\/v2\/posts\/99431","targetHints":{"allow":["GET"]}}],"collection":[{"href":"https:\/\/www.egemtv.com\/index.php?rest_route=\/wp\/v2\/posts"}],"about":[{"href":"https:\/\/www.egemtv.com\/index.php?rest_route=\/wp\/v2\/types\/post"}],"author":[{"embeddable":true,"href":"https:\/\/www.egemtv.com\/index.php?rest_route=\/wp\/v2\/users\/1"}],"replies":[{"embeddable":true,"href":"https:\/\/www.egemtv.com\/index.php?rest_route=%2Fwp%2Fv2%2Fcomments&post=99431"}],"version-history":[{"count":1,"href":"https:\/\/www.egemtv.com\/index.php?rest_route=\/wp\/v2\/posts\/99431\/revisions"}],"predecessor-version":[{"id":99433,"href":"https:\/\/www.egemtv.com\/index.php?rest_route=\/wp\/v2\/posts\/99431\/revisions\/99433"}],"wp:featuredmedia":[{"embeddable":true,"href":"https:\/\/www.egemtv.com\/index.php?rest_route=\/wp\/v2\/media\/99432"}],"wp:attachment":[{"href":"https:\/\/www.egemtv.com\/index.php?rest_route=%2Fwp%2Fv2%2Fmedia&parent=99431"}],"wp:term":[{"taxonomy":"category","embeddable":true,"href":"https:\/\/www.egemtv.com\/index.php?rest_route=%2Fwp%2Fv2%2Fcategories&post=99431"},{"taxonomy":"post_tag","embeddable":true,"href":"https:\/\/www.egemtv.com\/index.php?rest_route=%2Fwp%2Fv2%2Ftags&post=99431"}],"curies":[{"name":"wp","href":"https:\/\/api.w.org\/{rel}","templated":true}]}}