{"id":99428,"date":"2026-04-28T11:45:50","date_gmt":"2026-04-28T08:45:50","guid":{"rendered":"https:\/\/www.egemtv.com\/?p=99428"},"modified":"2026-04-28T11:45:52","modified_gmt":"2026-04-28T08:45:52","slug":"kosk-belediye-doganspor-hentbol-takimi-turkiye-sampiyonasina-hazir","status":"publish","type":"post","link":"https:\/\/www.egemtv.com\/?p=99428","title":{"rendered":"K\u00f6\u015fk Belediye Do\u011fanspor Hentbol Tak\u0131m\u0131 T\u00fcrkiye \u015eampiyonas\u0131\u2019na haz\u0131r"},"content":{"rendered":"<p>K\u00f6\u015fk Belediye Do\u011fanspor Hentbol Tak\u0131m\u0131, K\u00fc\u00e7\u00fck Erkekler kategorisinde elde etti\u011fi il birincili\u011fiyle \u00f6nemli bir ba\u015far\u0131ya imza att\u0131. Bu dereceyle T\u00fcrkiye \u015eampiyonas\u0131\u2019na kat\u0131lmaya hak kazanan tak\u0131m, haz\u0131rl\u0131klar\u0131n\u0131 s\u00fcrd\u00fcr\u00fcrken K\u00f6\u015fk Belediye Ba\u015fkan\u0131 Nuri G\u00fcler\u2019i ziyaret etti.<\/p>\n<p>Belediye binas\u0131nda ger\u00e7ekle\u015fen ziyarette Kul\u00fcp Ba\u015fkan\u0131 \u0130lyas Do\u011fan ve sporcular elde ettikleri ba\u015far\u0131y\u0131 payla\u015farak desteklerinden dolay\u0131 te\u015fekk\u00fcr etti. Samimi bir atmosferde ger\u00e7ekle\u015fen bulu\u015fmada gen\u00e7 sporcular\u0131n heyecan\u0131 ve motivasyonu dikkat \u00e7ekti. K\u00f6\u015fk Belediye Ba\u015fkan\u0131 Nuri G\u00fcler, ziyaretten duydu\u011fu memnuniyeti dile getirerek sporcular\u0131 ve teknik ekibi tebrik etti. Gen\u00e7lerin spora y\u00f6nelmesinin \u00f6nemine vurgu yapan Ba\u015fkan G\u00fcler, &#8220;\u0130l birincili\u011fi elde ederek bizlere b\u00fcy\u00fck bir gurur ya\u015fatt\u0131n\u0131z. T\u00fcrkiye \u015eampiyonas\u0131\u2019nda da ayn\u0131 azim ve kararl\u0131l\u0131kla m\u00fccadele edece\u011finize inan\u0131yorum. Her zaman yan\u0131n\u0131zday\u0131z&#8221; ifadelerini kulland\u0131.<\/p>\n<p>K\u00f6\u015fk Belediye Do\u011fanspor Hentbol Tak\u0131m\u0131, 18-24 May\u0131s tarihleri aras\u0131nda U\u015fak\u2019ta d\u00fczenlenecek T\u00fcrkiye \u015eampiyonas\u0131\u2019nda il\u00e7eyi temsil edecek. Tak\u0131m\u0131n hedefi ise bu \u00f6nemli organizasyonda da ba\u015far\u0131l\u0131 sonu\u00e7lar elde etmek.<br \/><\/p>\n","protected":false},"excerpt":{"rendered":"<p>K\u00f6\u015fk Belediye Do\u011fanspor Hentbol Tak\u0131m\u0131, K\u00fc\u00e7\u00fck Erkekler kategorisinde elde etti\u011fi il birincili\u011fiyle \u00f6nemli bir ba\u015far\u0131ya imza att\u0131. Bu dereceyle T\u00fcrkiye \u015eampiyonas\u0131\u2019na kat\u0131lmaya hak kazanan tak\u0131m, haz\u0131rl\u0131klar\u0131n\u0131 s\u00fcrd\u00fcr\u00fcrken K\u00f6\u015fk Belediye Ba\u015fkan\u0131 Nuri G\u00fcler\u2019i ziyaret etti. Belediye binas\u0131nda ger\u00e7ekle\u015fen ziyarette Kul\u00fcp Ba\u015fkan\u0131 \u0130lyas Do\u011fan ve sporcular elde ettikleri ba\u015far\u0131y\u0131 payla\u015farak desteklerinden dolay\u0131 te\u015fekk\u00fcr etti. Samimi bir atmosferde&#8230;<\/p>\n","protected":false},"author":1,"featured_media":99429,"comment_status":"open","ping_status":"open","sticky":false,"template":"","format":"standard","meta":{"_crdt_document":"","footnotes":""},"categories":[4],"tags":[],"class_list":["post-99428","post","type-post","status-publish","format-standard","has-post-thumbnail","hentry","category-spor"],"_links":{"self":[{"href":"https:\/\/www.egemtv.com\/index.php?rest_route=\/wp\/v2\/posts\/99428","targetHints":{"allow":["GET"]}}],"collection":[{"href":"https:\/\/www.egemtv.com\/index.php?rest_route=\/wp\/v2\/posts"}],"about":[{"href":"https:\/\/www.egemtv.com\/index.php?rest_route=\/wp\/v2\/types\/post"}],"author":[{"embeddable":true,"href":"https:\/\/www.egemtv.com\/index.php?rest_route=\/wp\/v2\/users\/1"}],"replies":[{"embeddable":true,"href":"https:\/\/www.egemtv.com\/index.php?rest_route=%2Fwp%2Fv2%2Fcomments&post=99428"}],"version-history":[{"count":1,"href":"https:\/\/www.egemtv.com\/index.php?rest_route=\/wp\/v2\/posts\/99428\/revisions"}],"predecessor-version":[{"id":99430,"href":"https:\/\/www.egemtv.com\/index.php?rest_route=\/wp\/v2\/posts\/99428\/revisions\/99430"}],"wp:featuredmedia":[{"embeddable":true,"href":"https:\/\/www.egemtv.com\/index.php?rest_route=\/wp\/v2\/media\/99429"}],"wp:attachment":[{"href":"https:\/\/www.egemtv.com\/index.php?rest_route=%2Fwp%2Fv2%2Fmedia&parent=99428"}],"wp:term":[{"taxonomy":"category","embeddable":true,"href":"https:\/\/www.egemtv.com\/index.php?rest_route=%2Fwp%2Fv2%2Fcategories&post=99428"},{"taxonomy":"post_tag","embeddable":true,"href":"https:\/\/www.egemtv.com\/index.php?rest_route=%2Fwp%2Fv2%2Ftags&post=99428"}],"curies":[{"name":"wp","href":"https:\/\/api.w.org\/{rel}","templated":true}]}}