{"id":99425,"date":"2026-04-28T11:45:48","date_gmt":"2026-04-28T08:45:48","guid":{"rendered":"https:\/\/www.egemtv.com\/?p=99425"},"modified":"2026-04-28T11:45:50","modified_gmt":"2026-04-28T08:45:50","slug":"muglanin-genc-yetenekleri-turkiye-sampiyonu-oldu","status":"publish","type":"post","link":"https:\/\/www.egemtv.com\/?p=99425","title":{"rendered":"Mu\u011fla\u2019n\u0131n gen\u00e7 yetenekleri T\u00fcrkiye \u015fampiyonu oldu"},"content":{"rendered":"<p>Milli E\u011fitim Bakanl\u0131\u011f\u0131 taraf\u0131ndan d\u00fczenlenen &#8220;Su Verimlili\u011fi Seferberli\u011fi Yar\u0131\u015fmas\u0131&#8221;nda, Mu\u011fla G\u00fczel Sanatlar Lisesi \u00f6\u011frencileri haz\u0131rlad\u0131klar\u0131 eserle m\u00fczik kategorisinde T\u00fcrkiye \u015fampiyonu oldu.<\/p>\n<p>Gelecek nesillere daha ya\u015fanabilir bir d\u00fcnya b\u0131rakmak ve su kaynaklar\u0131n\u0131n verimli kullan\u0131m\u0131 konusunda fark\u0131ndal\u0131k olu\u015fturmak amac\u0131yla Mill\u00ee E\u011fitim Bakanl\u0131\u011f\u0131 taraf\u0131ndan d\u00fczenlenen &#8220;Su Verimlili\u011fi Seferberli\u011fi Yar\u0131\u015fmas\u0131&#8221; sonu\u00e7land\u0131. T\u00fcrkiye genelinde b\u00fcy\u00fck yank\u0131 uyand\u0131ran yar\u0131\u015fmada Mu\u011fla, sanat\u0131n g\u00fcc\u00fcyle zirveye yerle\u015fti.<\/p>\n<p>68 bin eser aras\u0131ndan zirveye<br \/>\n<br \/>T\u00fcrkiye\u2019nin 81 ilinden toplam 68 bin 616 eserin ba\u015fvurdu\u011fu dev organizasyonda, titiz bir de\u011ferlendirme s\u00fcrecinin ard\u0131ndan 1215 eser finale kalmay\u0131 ba\u015fard\u0131. Mu\u011fla G\u00fczel Sanatlar Lisesi \u00f6\u011frencileri Arda Savran, Feyyaz Yi\u011fit Civan ve Poyraz \u015eim\u015fek, &#8220;Bir Damlas\u0131 Yeter&#8221; adl\u0131 \u00f6zg\u00fcn \u00e7al\u0131\u015fmalar\u0131yla m\u00fczik kategorisinde t\u00fcm rakiplerini geride b\u0131rakarak T\u00fcrkiye Birincili\u011fi derecesini elde etti.<\/p>\n<p>Ba\u015far\u0131l\u0131 \u00f6\u011frencilere \u00f6d\u00fclleri, 27 Nisan 2026 tarihinde Ankara\u2019da d\u00fczenlenen g\u00f6rkemli bir t\u00f6renle takdim edildi. Talim ve Terbiye Kurulu Ba\u015fkanl\u0131\u011f\u0131 Konferans Salonu\u2019nda ger\u00e7ekle\u015ftirilen t\u00f6rende Mu\u011flal\u0131 gen\u00e7ler, \u00f6d\u00fcllerini Mill\u00ee E\u011fitim Bakan Yard\u0131mc\u0131s\u0131 Muhammet Bilal Macit\u2019in elinden ald\u0131. Programa \u00e7ok say\u0131da e\u011fitim y\u00f6neticisi, akademisyen ve veli kat\u0131larak gen\u00e7lerin sevincine ortak oldu.<br \/><\/p>\n","protected":false},"excerpt":{"rendered":"<p>Milli E\u011fitim Bakanl\u0131\u011f\u0131 taraf\u0131ndan d\u00fczenlenen &#8220;Su Verimlili\u011fi Seferberli\u011fi Yar\u0131\u015fmas\u0131&#8221;nda, Mu\u011fla G\u00fczel Sanatlar Lisesi \u00f6\u011frencileri haz\u0131rlad\u0131klar\u0131 eserle m\u00fczik kategorisinde T\u00fcrkiye \u015fampiyonu oldu. Gelecek nesillere daha ya\u015fanabilir bir d\u00fcnya b\u0131rakmak ve su kaynaklar\u0131n\u0131n verimli kullan\u0131m\u0131 konusunda fark\u0131ndal\u0131k olu\u015fturmak amac\u0131yla Mill\u00ee E\u011fitim Bakanl\u0131\u011f\u0131 taraf\u0131ndan d\u00fczenlenen &#8220;Su Verimlili\u011fi Seferberli\u011fi Yar\u0131\u015fmas\u0131&#8221; sonu\u00e7land\u0131. T\u00fcrkiye genelinde b\u00fcy\u00fck yank\u0131 uyand\u0131ran yar\u0131\u015fmada Mu\u011fla, sanat\u0131n&#8230;<\/p>\n","protected":false},"author":1,"featured_media":99426,"comment_status":"open","ping_status":"open","sticky":false,"template":"","format":"standard","meta":{"_crdt_document":"","footnotes":""},"categories":[1],"tags":[],"class_list":["post-99425","post","type-post","status-publish","format-standard","has-post-thumbnail","hentry","category-guncel"],"_links":{"self":[{"href":"https:\/\/www.egemtv.com\/index.php?rest_route=\/wp\/v2\/posts\/99425","targetHints":{"allow":["GET"]}}],"collection":[{"href":"https:\/\/www.egemtv.com\/index.php?rest_route=\/wp\/v2\/posts"}],"about":[{"href":"https:\/\/www.egemtv.com\/index.php?rest_route=\/wp\/v2\/types\/post"}],"author":[{"embeddable":true,"href":"https:\/\/www.egemtv.com\/index.php?rest_route=\/wp\/v2\/users\/1"}],"replies":[{"embeddable":true,"href":"https:\/\/www.egemtv.com\/index.php?rest_route=%2Fwp%2Fv2%2Fcomments&post=99425"}],"version-history":[{"count":1,"href":"https:\/\/www.egemtv.com\/index.php?rest_route=\/wp\/v2\/posts\/99425\/revisions"}],"predecessor-version":[{"id":99427,"href":"https:\/\/www.egemtv.com\/index.php?rest_route=\/wp\/v2\/posts\/99425\/revisions\/99427"}],"wp:featuredmedia":[{"embeddable":true,"href":"https:\/\/www.egemtv.com\/index.php?rest_route=\/wp\/v2\/media\/99426"}],"wp:attachment":[{"href":"https:\/\/www.egemtv.com\/index.php?rest_route=%2Fwp%2Fv2%2Fmedia&parent=99425"}],"wp:term":[{"taxonomy":"category","embeddable":true,"href":"https:\/\/www.egemtv.com\/index.php?rest_route=%2Fwp%2Fv2%2Fcategories&post=99425"},{"taxonomy":"post_tag","embeddable":true,"href":"https:\/\/www.egemtv.com\/index.php?rest_route=%2Fwp%2Fv2%2Ftags&post=99425"}],"curies":[{"name":"wp","href":"https:\/\/api.w.org\/{rel}","templated":true}]}}