{"id":99422,"date":"2026-04-28T11:45:46","date_gmt":"2026-04-28T08:45:46","guid":{"rendered":"https:\/\/www.egemtv.com\/?p=99422"},"modified":"2026-04-28T11:45:48","modified_gmt":"2026-04-28T08:45:48","slug":"turkiye-belediyeler-birliginden-hizmet-araci-destegi","status":"publish","type":"post","link":"https:\/\/www.egemtv.com\/?p=99422","title":{"rendered":"T\u00fcrkiye Belediyeler Birli\u011fi\u2019nden hizmet arac\u0131 deste\u011fi"},"content":{"rendered":"<p>T\u00fcrkiye Belediyeler Birli\u011fi (TBB) taraf\u0131ndan Ankara\u2019da d\u00fczenlenen &#8220;Ara\u00e7 Teslim T\u00f6reni&#8221;nde, Bodrum Belediyesine hizmet kapasitesini art\u0131rmak amac\u0131yla 1 adet temizlik hizmet arac\u0131 hibe edildi.<\/p>\n<p>T\u00fcrkiye Belediyeler Birli\u011fi taraf\u0131ndan Ankara \u00c7ankaya Belediyesi Yerle\u015fkesi\u2019nde ger\u00e7ekle\u015ftirilen ara\u00e7 teslim t\u00f6reninde, aralar\u0131nda Bodrum Belediyesinin de bulundu\u011fu \u00e7ok say\u0131da belediyeye yeni hizmet ara\u00e7lar\u0131 teslim edildi. D\u00fczenlenen t\u00f6rene TBB Ba\u015fkan Vekili ve Mersin B\u00fcy\u00fck\u015fehir Belediye Ba\u015fkan\u0131 Vahap Se\u00e7er, TBB enc\u00fcmen \u00fcyeleri ile ara\u00e7 hibe edilen belediyelerin ba\u015fkanlar\u0131 kat\u0131l\u0131m sa\u011flad\u0131.<\/p>\n<p>TBB\u2019nin belediyelere y\u00f6nelik destek program\u0131 kapsam\u0131nda Bodrum Belediyesine hibe edilen 1 adet 8 metrek\u00fcp kapasiteli \u00e7\u00f6p kamyonu, temizlik hizmetlerinde kullan\u0131lmak \u00fczere belediye envanterine dahil edildi.<\/p>\n<p>Bodrum Belediye Ba\u015fkan\u0131 Tamer Mandalinci, Ankara\u2019daki t\u00f6rene bizzat kat\u0131larak teslim ald\u0131\u011f\u0131 ara\u00e7 ile ilgili yapt\u0131\u011f\u0131 de\u011ferlendirmede, TBB\u2019nin kurumlar aras\u0131 dayan\u0131\u015fmaya verdi\u011fi \u00f6neme dikkat \u00e7ekerek \u015funlar\u0131 ifade etti:<br \/>\n<br \/>&#8220;Bug\u00fcn burada, T\u00fcrkiye Belediyeler Birli\u011fimizin T\u00fcrkiye genelindeki belediyelere sunmu\u015f oldu\u011fu hibelerin kabul t\u00f6renindeyiz. Biz de Bodrum Belediyesi olarak birli\u011fimizden 8 metrek\u00fcp \u00e7\u00f6p kamyonunu bug\u00fcn teslim alaca\u011f\u0131z. B\u00f6lgemizde vatanda\u015flar\u0131m\u0131za sundu\u011fumuz hizmet kalitesini ve ara\u00e7-gere\u00e7 donan\u0131m\u0131m\u0131z\u0131 art\u0131racak bu g\u00fczel hibeyle bulu\u015fman\u0131n mutlulu\u011funu ya\u015f\u0131yoruz. Bu vesileyle, ba\u015fta T\u00fcrkiye Belediyeler Birli\u011fi Ba\u015fkan Vekilimiz Vahap Se\u00e7er olmak \u00fczere, birlik enc\u00fcmenimize ve birli\u011fimize dahil olan b\u00fct\u00fcn belediyelerimize te\u015fekk\u00fcr ediyoruz. T\u00fcrkiye Belediyeler Birli\u011fi, t\u00fcm belediyelerimize e\u015fit bir \u015fekilde destek olmaya devam ediyor&#8221;<\/p>\n<p>Yeni hizmet arac\u0131, Ankara\u2019daki resmi i\u015flemlerinin tamamlanmas\u0131n\u0131n ard\u0131ndan Bodrum Belediyesi Temizlik \u0130\u015fleri M\u00fcd\u00fcrl\u00fc\u011f\u00fc ara\u00e7 filosuna kat\u0131larak Bodrum halk\u0131n\u0131n hizmetine sunulacak.<br \/><\/p>\n","protected":false},"excerpt":{"rendered":"<p>T\u00fcrkiye Belediyeler Birli\u011fi (TBB) taraf\u0131ndan Ankara\u2019da d\u00fczenlenen &#8220;Ara\u00e7 Teslim T\u00f6reni&#8221;nde, Bodrum Belediyesine hizmet kapasitesini art\u0131rmak amac\u0131yla 1 adet temizlik hizmet arac\u0131 hibe edildi. T\u00fcrkiye Belediyeler Birli\u011fi taraf\u0131ndan Ankara \u00c7ankaya Belediyesi Yerle\u015fkesi\u2019nde ger\u00e7ekle\u015ftirilen ara\u00e7 teslim t\u00f6reninde, aralar\u0131nda Bodrum Belediyesinin de bulundu\u011fu \u00e7ok say\u0131da belediyeye yeni hizmet ara\u00e7lar\u0131 teslim edildi. D\u00fczenlenen t\u00f6rene TBB Ba\u015fkan Vekili ve Mersin&#8230;<\/p>\n","protected":false},"author":1,"featured_media":99423,"comment_status":"open","ping_status":"open","sticky":false,"template":"","format":"standard","meta":{"_crdt_document":"","footnotes":""},"categories":[125],"tags":[],"class_list":["post-99422","post","type-post","status-publish","format-standard","has-post-thumbnail","hentry","category-ekonomi"],"_links":{"self":[{"href":"https:\/\/www.egemtv.com\/index.php?rest_route=\/wp\/v2\/posts\/99422","targetHints":{"allow":["GET"]}}],"collection":[{"href":"https:\/\/www.egemtv.com\/index.php?rest_route=\/wp\/v2\/posts"}],"about":[{"href":"https:\/\/www.egemtv.com\/index.php?rest_route=\/wp\/v2\/types\/post"}],"author":[{"embeddable":true,"href":"https:\/\/www.egemtv.com\/index.php?rest_route=\/wp\/v2\/users\/1"}],"replies":[{"embeddable":true,"href":"https:\/\/www.egemtv.com\/index.php?rest_route=%2Fwp%2Fv2%2Fcomments&post=99422"}],"version-history":[{"count":1,"href":"https:\/\/www.egemtv.com\/index.php?rest_route=\/wp\/v2\/posts\/99422\/revisions"}],"predecessor-version":[{"id":99424,"href":"https:\/\/www.egemtv.com\/index.php?rest_route=\/wp\/v2\/posts\/99422\/revisions\/99424"}],"wp:featuredmedia":[{"embeddable":true,"href":"https:\/\/www.egemtv.com\/index.php?rest_route=\/wp\/v2\/media\/99423"}],"wp:attachment":[{"href":"https:\/\/www.egemtv.com\/index.php?rest_route=%2Fwp%2Fv2%2Fmedia&parent=99422"}],"wp:term":[{"taxonomy":"category","embeddable":true,"href":"https:\/\/www.egemtv.com\/index.php?rest_route=%2Fwp%2Fv2%2Fcategories&post=99422"},{"taxonomy":"post_tag","embeddable":true,"href":"https:\/\/www.egemtv.com\/index.php?rest_route=%2Fwp%2Fv2%2Ftags&post=99422"}],"curies":[{"name":"wp","href":"https:\/\/api.w.org\/{rel}","templated":true}]}}