{"id":99419,"date":"2026-04-28T10:35:57","date_gmt":"2026-04-28T07:35:57","guid":{"rendered":"https:\/\/www.egemtv.com\/?p=99419"},"modified":"2026-04-28T10:35:59","modified_gmt":"2026-04-28T07:35:59","slug":"nazilli-belediye-baskani-tetik-bu-goruntuler-nazilliye-yakismiyor","status":"publish","type":"post","link":"https:\/\/www.egemtv.com\/?p=99419","title":{"rendered":"Nazilli Belediye Ba\u015fkan\u0131 Tetik: &#8220;Bu g\u00f6r\u00fcnt\u00fcler Nazilli\u2019ye yak\u0131\u015fm\u0131yor&#8221;"},"content":{"rendered":"<p>Nazilli Belediye Ba\u015fkan\u0131 Dr. Ertu\u011frul Tetik, il\u00e7ede kontrols\u00fcz \u015fekilde b\u00fcy\u00fcyerek 2 metreyi a\u015fan yabani otlar\u0131n olu\u015fturdu\u011fu tehlikeye dikkat \u00e7ekti. Trafik g\u00fcvenli\u011fini riske atan, yang\u0131n tehlikesi olu\u015fturan ve halk sa\u011fl\u0131\u011f\u0131n\u0131 tehdit eden otlar\u0131n bir an \u00f6nce temizlenmesi gerekti\u011fini vurgulayan Tetik, sorumlular\u0131 g\u00f6reve \u00e7a\u011f\u0131rd\u0131.<\/p>\n<p>Vatanda\u015flardan yo\u011fun \u015fikayet ald\u0131klar\u0131n\u0131 ifade eden Ba\u015fkan Tetik, s\u00f6z konusu otlar\u0131n hem s\u00fcr\u00fcc\u00fclerin hem de yayalar\u0131n g\u00f6r\u00fc\u015f\u00fcn\u00fc engelledi\u011fini belirtti. \u00d6zellikle yaz aylar\u0131nda artan s\u0131cakl\u0131klarla birlikte yang\u0131n riskinin ciddi boyutlara ula\u015ft\u0131\u011f\u0131n\u0131 dile getiren Tetik, ayn\u0131 zamanda sinek ve zararl\u0131 ha\u015ferelerin \u00e7o\u011fald\u0131\u011f\u0131na da dikkat \u00e7ekti. \u0130l\u00e7ede baz\u0131 noktalar\u0131n hizmetten yoksun kald\u0131\u011f\u0131n\u0131 ifade eden Ba\u015fkan Tetik, mevcut g\u00f6r\u00fcnt\u00fclerin Nazilli\u2019ye yak\u0131\u015fmad\u0131\u011f\u0131n\u0131 belirtti.<\/p>\n<p>S\u00f6z konusu alanlar\u0131n belediyenin sorumlulu\u011funda olmad\u0131\u011f\u0131n\u0131 vurgulayan Tetik, Karayollar\u0131 yetkilileriyle defalarca ileti\u015fime ge\u00e7tiklerini ancak bug\u00fcne kadar somut bir ad\u0131m at\u0131lmad\u0131\u011f\u0131n\u0131 ifade etti. Tetik, &#8220;Buras\u0131 benim sorumlulu\u011fumda de\u011fil. Karayollar\u0131n\u0131n sorumlulu\u011funda. Defalarca arad\u0131k, yap\u0131laca\u011f\u0131 s\u00f6ylendi ama hen\u00fcz yap\u0131lmad\u0131&#8221; dedi.<\/p>\n<p>Ba\u015fkan Tetik a\u00e7\u0131klamas\u0131nda, kamu hizmetlerinin bir b\u00fct\u00fcn oldu\u011funu belirterek herkesin kendi sorumluluk alan\u0131nda g\u00f6revini yerine getirmesi gerekti\u011fini s\u00f6yledi. &#8220;Nazilli i\u00e7in herkes elini ta\u015f\u0131n alt\u0131na koymal\u0131&#8221; diyen Tetik, yetkililere seslenerek bir an \u00f6nce gerekli \u00e7al\u0131\u015fmalar\u0131n ba\u015flat\u0131lmas\u0131n\u0131 istedi.<\/p>\n<p>Vatanda\u015flara da \u00e7a\u011fr\u0131da bulunan Tetik, \u015fikayetlerin do\u011fru mercilere iletilmesinin \u00f6nemine dikkat \u00e7ekti.<br \/><\/p>\n","protected":false},"excerpt":{"rendered":"<p>Nazilli Belediye Ba\u015fkan\u0131 Dr. Ertu\u011frul Tetik, il\u00e7ede kontrols\u00fcz \u015fekilde b\u00fcy\u00fcyerek 2 metreyi a\u015fan yabani otlar\u0131n olu\u015fturdu\u011fu tehlikeye dikkat \u00e7ekti. Trafik g\u00fcvenli\u011fini riske atan, yang\u0131n tehlikesi olu\u015fturan ve halk sa\u011fl\u0131\u011f\u0131n\u0131 tehdit eden otlar\u0131n bir an \u00f6nce temizlenmesi gerekti\u011fini vurgulayan Tetik, sorumlular\u0131 g\u00f6reve \u00e7a\u011f\u0131rd\u0131. Vatanda\u015flardan yo\u011fun \u015fikayet ald\u0131klar\u0131n\u0131 ifade eden Ba\u015fkan Tetik, s\u00f6z konusu otlar\u0131n hem s\u00fcr\u00fcc\u00fclerin&#8230;<\/p>\n","protected":false},"author":1,"featured_media":99420,"comment_status":"open","ping_status":"open","sticky":false,"template":"","format":"standard","meta":{"_crdt_document":"","footnotes":""},"categories":[1],"tags":[],"class_list":["post-99419","post","type-post","status-publish","format-standard","has-post-thumbnail","hentry","category-guncel"],"_links":{"self":[{"href":"https:\/\/www.egemtv.com\/index.php?rest_route=\/wp\/v2\/posts\/99419","targetHints":{"allow":["GET"]}}],"collection":[{"href":"https:\/\/www.egemtv.com\/index.php?rest_route=\/wp\/v2\/posts"}],"about":[{"href":"https:\/\/www.egemtv.com\/index.php?rest_route=\/wp\/v2\/types\/post"}],"author":[{"embeddable":true,"href":"https:\/\/www.egemtv.com\/index.php?rest_route=\/wp\/v2\/users\/1"}],"replies":[{"embeddable":true,"href":"https:\/\/www.egemtv.com\/index.php?rest_route=%2Fwp%2Fv2%2Fcomments&post=99419"}],"version-history":[{"count":1,"href":"https:\/\/www.egemtv.com\/index.php?rest_route=\/wp\/v2\/posts\/99419\/revisions"}],"predecessor-version":[{"id":99421,"href":"https:\/\/www.egemtv.com\/index.php?rest_route=\/wp\/v2\/posts\/99419\/revisions\/99421"}],"wp:featuredmedia":[{"embeddable":true,"href":"https:\/\/www.egemtv.com\/index.php?rest_route=\/wp\/v2\/media\/99420"}],"wp:attachment":[{"href":"https:\/\/www.egemtv.com\/index.php?rest_route=%2Fwp%2Fv2%2Fmedia&parent=99419"}],"wp:term":[{"taxonomy":"category","embeddable":true,"href":"https:\/\/www.egemtv.com\/index.php?rest_route=%2Fwp%2Fv2%2Fcategories&post=99419"},{"taxonomy":"post_tag","embeddable":true,"href":"https:\/\/www.egemtv.com\/index.php?rest_route=%2Fwp%2Fv2%2Ftags&post=99419"}],"curies":[{"name":"wp","href":"https:\/\/api.w.org\/{rel}","templated":true}]}}