{"id":99416,"date":"2026-04-28T10:35:55","date_gmt":"2026-04-28T07:35:55","guid":{"rendered":"https:\/\/www.egemtv.com\/?p=99416"},"modified":"2026-04-28T10:35:56","modified_gmt":"2026-04-28T07:35:56","slug":"muglanin-pedallari-hem-turkiye-turunda-hem-milli-formada","status":"publish","type":"post","link":"https:\/\/www.egemtv.com\/?p=99416","title":{"rendered":"Mu\u011fla\u2019n\u0131n pedallar\u0131 hem T\u00fcrkiye turunda hem milli formada"},"content":{"rendered":"<p>Mu\u011fla B\u00fcy\u00fck\u015fehir Belediyesi, sporda \u00f6nemli bir ba\u015far\u0131ya daha imza atarak bu y\u0131l 61\u2019incisi d\u00fczenlenen Cumhurba\u015fkanl\u0131\u011f\u0131 T\u00fcrkiye Bisiklet Turunda K\u0131ta Bisiklet Tak\u0131m\u0131 ile yer alman\u0131n gururunu ya\u015f\u0131yor.<br \/>\n<br \/>Uluslararas\u0131 d\u00fczeyde bir\u00e7ok g\u00fc\u00e7l\u00fc tak\u0131m\u0131n m\u00fccadele etti\u011fi organizasyonda Mu\u011fla B\u00fcy\u00fck\u015fehir Belediyesi Spor Kul\u00fcb\u00fc K\u0131ta Bisiklet Tak\u0131m\u0131 sporcular\u0131, ilk iki etapta sergiledikleri performansla dikkat \u00e7ekti. D\u00fcn ve bug\u00fcn ger\u00e7ekle\u015ftirilen etaplarda ka\u00e7\u0131\u015f gruplar\u0131nda yer alarak yar\u0131\u015f\u0131n kritik anlar\u0131nda \u00f6n plana \u00e7\u0131kan sporcular, m\u00fccadeleleriyle takdir toplad\u0131. Mu\u011fla B\u00fcy\u00fck\u015fehir Belediyesi Spor Kul\u00fcb\u00fc K\u0131ta Bisiklet Tak\u0131m\u0131, d\u00fczenlenen Marmaris-K\u0131ran etab\u0131nda da m\u00fccadeleye devam ediyor.<br \/>\n<br \/>Mu\u011fla B\u00fcy\u00fck\u015fehir Bisiklet tak\u0131m\u0131na milli g\u00f6rev<br \/>\n<br \/>Cumhurba\u015fkanl\u0131\u011f\u0131 T\u00fcrkiye Bisiklet Turu heyecan\u0131 devam ederken Mu\u011fla B\u00fcy\u00fck\u015fehir Belediyesi Spor Kul\u00fcb\u00fc\u2019n\u00fcn bir di\u011fer sporcusu Timur \u00d6ztoprak\u2019tan da sevindirici bir haber geldi. Ba\u015far\u0131l\u0131 sporcu, Bisiklet A Milli Tak\u0131m\u0131na davet edilerek \u00d6zbekistan\u2019da d\u00fczenlenecek yar\u0131\u015flar i\u00e7in ba\u015fkent Ta\u015fkent\u2019e gitti. Uluslararas\u0131 arenada Ay-Y\u0131ld\u0131zl\u0131 formayla m\u00fccadele edecek olan Timur \u00d6ztoprak, Mu\u011fla\u2019ya bir kez daha gurur ya\u015fatt\u0131.<br \/>\n<br \/>Ba\u015fkan Aras: &#8220;Mu\u011fla\u2019y\u0131 sporda da marka kent yapmakta kararl\u0131y\u0131z&#8221;<br \/>\n<br \/>K\u0131y\u0131 Ege Belediyeler Birli\u011fi ve Mu\u011fla B\u00fcy\u00fck\u015fehir Belediye Ba\u015fkan\u0131 Ahmet Aras, Cumhurba\u015fkanl\u0131\u011f\u0131 T\u00fcrkiye Bisiklet Turunda m\u00fccadele eden sporcular\u0131 ve A Milli Tak\u0131m\u2019a davet edilen Timur \u00d6ztoprak\u2019\u0131 tebrik ederek \u015fu de\u011ferlendirmede bulundu: &#8220;Mu\u011fla\u2019m\u0131z\u0131n b\u00f6ylesine \u00f6nemli bir organizasyonda K\u0131ta Bisiklet Tak\u0131m\u0131 ile temsil edilmesi bizler i\u00e7in b\u00fcy\u00fck bir gurur. Sporcular\u0131m\u0131z\u0131n ilk etaplardan itibaren g\u00f6sterdi\u011fi m\u00fccadele ve azim, do\u011fru yolda oldu\u011fumuzu a\u00e7\u0131k\u00e7a ortaya koyuyor.<br \/>\n<br \/>Di\u011fer yandan sporcumuz Timur \u00d6ztoprak\u2019\u0131n A Milli Tak\u0131m\u2019a davet edilmesi de altyap\u0131ya ve sporcular\u0131m\u0131za yapt\u0131\u011f\u0131m\u0131z yat\u0131r\u0131mlar\u0131n ne kadar de\u011ferli oldu\u011funu g\u00f6steriyor. Mu\u011fla B\u00fcy\u00fck\u015fehir Belediyesi olarak sporu ve sporcuyu desteklemeye, gen\u00e7lerimize f\u0131rsatlar sunmaya devam edece\u011fiz. Mu\u011fla\u2019y\u0131 sadece turizmde de\u011fil, sporda da marka kent yapmakta kararl\u0131y\u0131z&#8221;<br \/>\n<br \/>Mu\u011fla B\u00fcy\u00fck\u015fehir Belediyesi, spora ve sporcuya verdi\u011fi destek do\u011frultusunda ulusal ve uluslararas\u0131 organizasyonlarda yer almaya, kentin ad\u0131n\u0131 ba\u015far\u0131yla duyurmaya devam ediyor.<br \/><\/p>\n","protected":false},"excerpt":{"rendered":"<p>Mu\u011fla B\u00fcy\u00fck\u015fehir Belediyesi, sporda \u00f6nemli bir ba\u015far\u0131ya daha imza atarak bu y\u0131l 61\u2019incisi d\u00fczenlenen Cumhurba\u015fkanl\u0131\u011f\u0131 T\u00fcrkiye Bisiklet Turunda K\u0131ta Bisiklet Tak\u0131m\u0131 ile yer alman\u0131n gururunu ya\u015f\u0131yor. Uluslararas\u0131 d\u00fczeyde bir\u00e7ok g\u00fc\u00e7l\u00fc tak\u0131m\u0131n m\u00fccadele etti\u011fi organizasyonda Mu\u011fla B\u00fcy\u00fck\u015fehir Belediyesi Spor Kul\u00fcb\u00fc K\u0131ta Bisiklet Tak\u0131m\u0131 sporcular\u0131, ilk iki etapta sergiledikleri performansla dikkat \u00e7ekti. D\u00fcn ve bug\u00fcn ger\u00e7ekle\u015ftirilen etaplarda&#8230;<\/p>\n","protected":false},"author":1,"featured_media":99417,"comment_status":"open","ping_status":"open","sticky":false,"template":"","format":"standard","meta":{"_crdt_document":"","footnotes":""},"categories":[4],"tags":[],"class_list":["post-99416","post","type-post","status-publish","format-standard","has-post-thumbnail","hentry","category-spor"],"_links":{"self":[{"href":"https:\/\/www.egemtv.com\/index.php?rest_route=\/wp\/v2\/posts\/99416","targetHints":{"allow":["GET"]}}],"collection":[{"href":"https:\/\/www.egemtv.com\/index.php?rest_route=\/wp\/v2\/posts"}],"about":[{"href":"https:\/\/www.egemtv.com\/index.php?rest_route=\/wp\/v2\/types\/post"}],"author":[{"embeddable":true,"href":"https:\/\/www.egemtv.com\/index.php?rest_route=\/wp\/v2\/users\/1"}],"replies":[{"embeddable":true,"href":"https:\/\/www.egemtv.com\/index.php?rest_route=%2Fwp%2Fv2%2Fcomments&post=99416"}],"version-history":[{"count":1,"href":"https:\/\/www.egemtv.com\/index.php?rest_route=\/wp\/v2\/posts\/99416\/revisions"}],"predecessor-version":[{"id":99418,"href":"https:\/\/www.egemtv.com\/index.php?rest_route=\/wp\/v2\/posts\/99416\/revisions\/99418"}],"wp:featuredmedia":[{"embeddable":true,"href":"https:\/\/www.egemtv.com\/index.php?rest_route=\/wp\/v2\/media\/99417"}],"wp:attachment":[{"href":"https:\/\/www.egemtv.com\/index.php?rest_route=%2Fwp%2Fv2%2Fmedia&parent=99416"}],"wp:term":[{"taxonomy":"category","embeddable":true,"href":"https:\/\/www.egemtv.com\/index.php?rest_route=%2Fwp%2Fv2%2Fcategories&post=99416"},{"taxonomy":"post_tag","embeddable":true,"href":"https:\/\/www.egemtv.com\/index.php?rest_route=%2Fwp%2Fv2%2Ftags&post=99416"}],"curies":[{"name":"wp","href":"https:\/\/api.w.org\/{rel}","templated":true}]}}