{"id":99413,"date":"2026-04-28T10:35:53","date_gmt":"2026-04-28T07:35:53","guid":{"rendered":"https:\/\/www.egemtv.com\/?p=99413"},"modified":"2026-04-28T10:35:54","modified_gmt":"2026-04-28T07:35:54","slug":"kutahyada-zincirleme-trafik-kazasi-1-yarali","status":"publish","type":"post","link":"https:\/\/www.egemtv.com\/?p=99413","title":{"rendered":"K\u00fctahya\u2019da zincirleme trafik kazas\u0131: 1 yaral\u0131"},"content":{"rendered":"<p>K\u00fctahya\u2019da meydana gelen zincirleme trafik kazas\u0131nda 5 ara\u00e7 birbirine girdi, 1 ki\u015fi yaraland\u0131.<br \/>\n<br \/>Kaza, K\u00fctahya-Tav\u015fanl\u0131 karayolu \u00e7evre yolu \u00fczerinde meydana geldi. Edinilen bilgiye g\u00f6re, \u0130stasyon istikametinden Tav\u015fanl\u0131 y\u00f6n\u00fcne ilerleyen ara\u00e7lar\u0131n kar\u0131\u015ft\u0131\u011f\u0131 kazada, 1\u2019i polis otosu olmak \u00fczere toplam 5 ara\u00e7 hasar g\u00f6rd\u00fc. Kazada yaralanan 1 ki\u015fi, olay yerine sevk edilen ambulansla K\u00fctahya \u015eehir Hastanesi\u2019ne kald\u0131r\u0131larak tedavi alt\u0131na al\u0131nd\u0131. Kaza nedeniyle yolun bir \u015feridi trafi\u011fe kapan\u0131rken, ara\u00e7lar trafik ekiplerinin \u00e7al\u0131\u015fmalar\u0131n\u0131n ard\u0131ndan \u00e7ekiciler yard\u0131m\u0131yla kald\u0131r\u0131ld\u0131.<br \/><\/p>\n","protected":false},"excerpt":{"rendered":"<p>K\u00fctahya\u2019da meydana gelen zincirleme trafik kazas\u0131nda 5 ara\u00e7 birbirine girdi, 1 ki\u015fi yaraland\u0131. Kaza, K\u00fctahya-Tav\u015fanl\u0131 karayolu \u00e7evre yolu \u00fczerinde meydana geldi. Edinilen bilgiye g\u00f6re, \u0130stasyon istikametinden Tav\u015fanl\u0131 y\u00f6n\u00fcne ilerleyen ara\u00e7lar\u0131n kar\u0131\u015ft\u0131\u011f\u0131 kazada, 1\u2019i polis otosu olmak \u00fczere toplam 5 ara\u00e7 hasar g\u00f6rd\u00fc. Kazada yaralanan 1 ki\u015fi, olay yerine sevk edilen ambulansla K\u00fctahya \u015eehir Hastanesi\u2019ne kald\u0131r\u0131larak&#8230;<\/p>\n","protected":false},"author":1,"featured_media":99414,"comment_status":"open","ping_status":"open","sticky":false,"template":"","format":"standard","meta":{"_crdt_document":"","footnotes":""},"categories":[5],"tags":[],"class_list":["post-99413","post","type-post","status-publish","format-standard","has-post-thumbnail","hentry","category-asayis"],"_links":{"self":[{"href":"https:\/\/www.egemtv.com\/index.php?rest_route=\/wp\/v2\/posts\/99413","targetHints":{"allow":["GET"]}}],"collection":[{"href":"https:\/\/www.egemtv.com\/index.php?rest_route=\/wp\/v2\/posts"}],"about":[{"href":"https:\/\/www.egemtv.com\/index.php?rest_route=\/wp\/v2\/types\/post"}],"author":[{"embeddable":true,"href":"https:\/\/www.egemtv.com\/index.php?rest_route=\/wp\/v2\/users\/1"}],"replies":[{"embeddable":true,"href":"https:\/\/www.egemtv.com\/index.php?rest_route=%2Fwp%2Fv2%2Fcomments&post=99413"}],"version-history":[{"count":1,"href":"https:\/\/www.egemtv.com\/index.php?rest_route=\/wp\/v2\/posts\/99413\/revisions"}],"predecessor-version":[{"id":99415,"href":"https:\/\/www.egemtv.com\/index.php?rest_route=\/wp\/v2\/posts\/99413\/revisions\/99415"}],"wp:featuredmedia":[{"embeddable":true,"href":"https:\/\/www.egemtv.com\/index.php?rest_route=\/wp\/v2\/media\/99414"}],"wp:attachment":[{"href":"https:\/\/www.egemtv.com\/index.php?rest_route=%2Fwp%2Fv2%2Fmedia&parent=99413"}],"wp:term":[{"taxonomy":"category","embeddable":true,"href":"https:\/\/www.egemtv.com\/index.php?rest_route=%2Fwp%2Fv2%2Fcategories&post=99413"},{"taxonomy":"post_tag","embeddable":true,"href":"https:\/\/www.egemtv.com\/index.php?rest_route=%2Fwp%2Fv2%2Ftags&post=99413"}],"curies":[{"name":"wp","href":"https:\/\/api.w.org\/{rel}","templated":true}]}}