{"id":99410,"date":"2026-04-28T10:00:55","date_gmt":"2026-04-28T07:00:55","guid":{"rendered":"https:\/\/www.egemtv.com\/?p=99410"},"modified":"2026-04-28T10:00:58","modified_gmt":"2026-04-28T07:00:58","slug":"germencikte-arac-kule-dondu","status":"publish","type":"post","link":"https:\/\/www.egemtv.com\/?p=99410","title":{"rendered":"Germencik\u2019te ara\u00e7 k\u00fcle d\u00f6nd\u00fc"},"content":{"rendered":"<p>Ayd\u0131n\u2019\u0131n Germencik il\u00e7esinde bir otomobil yanarak k\u00fcle d\u00f6nd\u00fc.<br \/>\n<br \/>Yang\u0131n, Ayd\u0131n \u0130zmir otoyolu \u00fczerinde meydana geldi. Edinilen bilgiye g\u00f6re, Germencik Gi\u015feleri mevkiinde otoyol \u00fczerinde ilerleyen 09 SS 746 plakal\u0131 otomobilden bir anda alevler y\u00fckselmeye ba\u015flad\u0131. Ara\u00e7 s\u00fcr\u00fcc\u00fcs\u00fc arac\u0131n\u0131 yol kenar\u0131na \u00e7ekerek Acil \u00c7a\u011fr\u0131 Merkezi\u2019nden yard\u0131m istedi. Olay yerine gelen Ayd\u0131n B\u00fcy\u00fck\u015fehir Belediyesi itfaiye ekipleri sevk edildi. Olay yerine gelen ekipler otomobildeki yang\u0131na m\u00fcdahale etti. \u0130tfaiye ekipleri otomobildeki yang\u0131n\u0131 s\u00f6nd\u00fcr\u00fcrken, ara\u00e7 kullan\u0131lmaz hale geldi.<br \/>\n<br \/>Yang\u0131nla ilgili inceleme s\u00fcr\u00fcyor.<br \/><\/p>\n","protected":false},"excerpt":{"rendered":"<p>Ayd\u0131n\u2019\u0131n Germencik il\u00e7esinde bir otomobil yanarak k\u00fcle d\u00f6nd\u00fc. Yang\u0131n, Ayd\u0131n \u0130zmir otoyolu \u00fczerinde meydana geldi. Edinilen bilgiye g\u00f6re, Germencik Gi\u015feleri mevkiinde otoyol \u00fczerinde ilerleyen 09 SS 746 plakal\u0131 otomobilden bir anda alevler y\u00fckselmeye ba\u015flad\u0131. Ara\u00e7 s\u00fcr\u00fcc\u00fcs\u00fc arac\u0131n\u0131 yol kenar\u0131na \u00e7ekerek Acil \u00c7a\u011fr\u0131 Merkezi\u2019nden yard\u0131m istedi. Olay yerine gelen Ayd\u0131n B\u00fcy\u00fck\u015fehir Belediyesi itfaiye ekipleri sevk edildi&#8230;.<\/p>\n","protected":false},"author":1,"featured_media":99411,"comment_status":"open","ping_status":"open","sticky":false,"template":"","format":"standard","meta":{"_crdt_document":"","footnotes":""},"categories":[5],"tags":[],"class_list":["post-99410","post","type-post","status-publish","format-standard","has-post-thumbnail","hentry","category-asayis"],"_links":{"self":[{"href":"https:\/\/www.egemtv.com\/index.php?rest_route=\/wp\/v2\/posts\/99410","targetHints":{"allow":["GET"]}}],"collection":[{"href":"https:\/\/www.egemtv.com\/index.php?rest_route=\/wp\/v2\/posts"}],"about":[{"href":"https:\/\/www.egemtv.com\/index.php?rest_route=\/wp\/v2\/types\/post"}],"author":[{"embeddable":true,"href":"https:\/\/www.egemtv.com\/index.php?rest_route=\/wp\/v2\/users\/1"}],"replies":[{"embeddable":true,"href":"https:\/\/www.egemtv.com\/index.php?rest_route=%2Fwp%2Fv2%2Fcomments&post=99410"}],"version-history":[{"count":1,"href":"https:\/\/www.egemtv.com\/index.php?rest_route=\/wp\/v2\/posts\/99410\/revisions"}],"predecessor-version":[{"id":99412,"href":"https:\/\/www.egemtv.com\/index.php?rest_route=\/wp\/v2\/posts\/99410\/revisions\/99412"}],"wp:featuredmedia":[{"embeddable":true,"href":"https:\/\/www.egemtv.com\/index.php?rest_route=\/wp\/v2\/media\/99411"}],"wp:attachment":[{"href":"https:\/\/www.egemtv.com\/index.php?rest_route=%2Fwp%2Fv2%2Fmedia&parent=99410"}],"wp:term":[{"taxonomy":"category","embeddable":true,"href":"https:\/\/www.egemtv.com\/index.php?rest_route=%2Fwp%2Fv2%2Fcategories&post=99410"},{"taxonomy":"post_tag","embeddable":true,"href":"https:\/\/www.egemtv.com\/index.php?rest_route=%2Fwp%2Fv2%2Ftags&post=99410"}],"curies":[{"name":"wp","href":"https:\/\/api.w.org\/{rel}","templated":true}]}}