{"id":99404,"date":"2026-04-28T10:00:53","date_gmt":"2026-04-28T07:00:53","guid":{"rendered":"https:\/\/www.egemtv.com\/?p=99404"},"modified":"2026-04-28T10:00:54","modified_gmt":"2026-04-28T07:00:54","slug":"cilek-festivali-icin-geri-sayim-basladi","status":"publish","type":"post","link":"https:\/\/www.egemtv.com\/?p=99404","title":{"rendered":"\u00c7ilek Festivali i\u00e7in geri say\u0131m ba\u015flad\u0131"},"content":{"rendered":"<p>Ayd\u0131n\u2019\u0131n Sultanhisar il\u00e7esinde bu y\u0131l 54.\u2019s\u00fc d\u00fczenlenecek Uluslararas\u0131 Sultanhisar-At\u00e7a, Nysa, \u00c7ilek, Tar\u0131m, K\u00fclt\u00fcr ve Sanat Festivali i\u00e7in geri say\u0131m ba\u015flad\u0131.<\/p>\n<p>Sultanhisar Belediyesi taraf\u0131ndan organize edilen festival, 6-17 May\u0131s 2026 tarihleri aras\u0131nda Sultanhisar ve At\u00e7a\u2019da ger\u00e7ekle\u015ftirilecek. &#8220;Topra\u011f\u0131n bereketi, \u00e7ile\u011fin lezzeti&#8221; slogan\u0131yla d\u00fczenlenecek etkinlikler kapsam\u0131nda konserler, halk oyunlar\u0131 g\u00f6sterileri ve \u00e7e\u015fitli k\u00fclt\u00fcrel aktiviteler vatanda\u015flarla bulu\u015facak. Festival program\u0131na g\u00f6re 6-10 May\u0131s tarihleri aras\u0131nda Sultanhisar\u2019da, 13-17 May\u0131s tarihleri aras\u0131nda ise At\u00e7a\u2019da etkinlikler d\u00fczenlenecek. \u00dcnl\u00fc sanat\u00e7\u0131lar Poizi, Co\u015fkun Sabah, Asl\u0131 G\u00fcng\u00f6r ve Merve \u00d6zbey festival kapsam\u0131nda sahne alacak. Ayr\u0131ca Selcan Temel, Efe Dumanc\u0131, Aydan Kahraman ve Alaaddin Erg\u00fcn de m\u00fczikseverlerle bulu\u015facak. Festivalde yerli ve yabanc\u0131 halk oyunlar\u0131 ekiplerinin g\u00f6sterileri, dans performanslar\u0131 ve sirk g\u00f6sterileri de yer alacak. Etkinliklerin sunuculu\u011funu ise Do\u011fukan Alsay \u00fcstlenecek. Sultanhisar Belediyesi, b\u00f6lgenin \u00f6nemli tar\u0131m \u00fcr\u00fcnlerinden biri olan \u00e7ile\u011fin tan\u0131t\u0131m\u0131na katk\u0131 sa\u011flamak ve k\u00fclt\u00fcrel etkinliklerle vatanda\u015flar\u0131 bir araya getirmek amac\u0131yla d\u00fczenlenen festivale t\u00fcm vatanda\u015flar\u0131 davet etti.<br \/><\/p>\n","protected":false},"excerpt":{"rendered":"<p>Ayd\u0131n\u2019\u0131n Sultanhisar il\u00e7esinde bu y\u0131l 54.\u2019s\u00fc d\u00fczenlenecek Uluslararas\u0131 Sultanhisar-At\u00e7a, Nysa, \u00c7ilek, Tar\u0131m, K\u00fclt\u00fcr ve Sanat Festivali i\u00e7in geri say\u0131m ba\u015flad\u0131. Sultanhisar Belediyesi taraf\u0131ndan organize edilen festival, 6-17 May\u0131s 2026 tarihleri aras\u0131nda Sultanhisar ve At\u00e7a\u2019da ger\u00e7ekle\u015ftirilecek. &#8220;Topra\u011f\u0131n bereketi, \u00e7ile\u011fin lezzeti&#8221; slogan\u0131yla d\u00fczenlenecek etkinlikler kapsam\u0131nda konserler, halk oyunlar\u0131 g\u00f6sterileri ve \u00e7e\u015fitli k\u00fclt\u00fcrel aktiviteler vatanda\u015flarla bulu\u015facak. Festival program\u0131na&#8230;<\/p>\n","protected":false},"author":1,"featured_media":99405,"comment_status":"open","ping_status":"open","sticky":false,"template":"","format":"standard","meta":{"_crdt_document":"","footnotes":""},"categories":[1],"tags":[],"class_list":["post-99404","post","type-post","status-publish","format-standard","has-post-thumbnail","hentry","category-guncel"],"_links":{"self":[{"href":"https:\/\/www.egemtv.com\/index.php?rest_route=\/wp\/v2\/posts\/99404","targetHints":{"allow":["GET"]}}],"collection":[{"href":"https:\/\/www.egemtv.com\/index.php?rest_route=\/wp\/v2\/posts"}],"about":[{"href":"https:\/\/www.egemtv.com\/index.php?rest_route=\/wp\/v2\/types\/post"}],"author":[{"embeddable":true,"href":"https:\/\/www.egemtv.com\/index.php?rest_route=\/wp\/v2\/users\/1"}],"replies":[{"embeddable":true,"href":"https:\/\/www.egemtv.com\/index.php?rest_route=%2Fwp%2Fv2%2Fcomments&post=99404"}],"version-history":[{"count":1,"href":"https:\/\/www.egemtv.com\/index.php?rest_route=\/wp\/v2\/posts\/99404\/revisions"}],"predecessor-version":[{"id":99406,"href":"https:\/\/www.egemtv.com\/index.php?rest_route=\/wp\/v2\/posts\/99404\/revisions\/99406"}],"wp:featuredmedia":[{"embeddable":true,"href":"https:\/\/www.egemtv.com\/index.php?rest_route=\/wp\/v2\/media\/99405"}],"wp:attachment":[{"href":"https:\/\/www.egemtv.com\/index.php?rest_route=%2Fwp%2Fv2%2Fmedia&parent=99404"}],"wp:term":[{"taxonomy":"category","embeddable":true,"href":"https:\/\/www.egemtv.com\/index.php?rest_route=%2Fwp%2Fv2%2Fcategories&post=99404"},{"taxonomy":"post_tag","embeddable":true,"href":"https:\/\/www.egemtv.com\/index.php?rest_route=%2Fwp%2Fv2%2Ftags&post=99404"}],"curies":[{"name":"wp","href":"https:\/\/api.w.org\/{rel}","templated":true}]}}