{"id":99398,"date":"2026-04-28T09:25:35","date_gmt":"2026-04-28T06:25:35","guid":{"rendered":"https:\/\/www.egemtv.com\/?p=99398"},"modified":"2026-04-28T09:25:36","modified_gmt":"2026-04-28T06:25:36","slug":"yilin-ilk-4-ayinda-aydina-ikametini-aldiran-yabanci-sayisi-artti","status":"publish","type":"post","link":"https:\/\/www.egemtv.com\/?p=99398","title":{"rendered":"Y\u0131l\u0131n ilk 4 ay\u0131nda Ayd\u0131n\u2019a ikametini ald\u0131ran yabanc\u0131 say\u0131s\u0131 artt\u0131"},"content":{"rendered":"<p>\u00d6zellikle yaz aylar\u0131nda n\u00fcfus art\u0131\u015f\u0131 ya\u015fayan Ayd\u0131n\u2019da, ikamet izni alan yabanc\u0131lar\u0131n say\u0131s\u0131 2026 y\u0131l\u0131n\u0131n ilk 4 ay\u0131nda artarken, ikamet izinli yabanc\u0131 say\u0131s\u0131 10 bin 121 oldu.<\/p>\n<p>Tarihi ve do\u011fal g\u00fczellikleri ile bir\u00e7ok vatanda\u015f\u0131n tercih sebebi olan Ayd\u0131n, yabanc\u0131 uyruklu vatanda\u015flar\u0131n da tercihleri aras\u0131nda yer al\u0131rken, ikamet izni alan yabanc\u0131lar\u0131n say\u0131s\u0131nda art\u0131\u015f ya\u015fanmaya ba\u015flad\u0131. Ayd\u0131n \u0130l G\u00f6\u00e7 \u0130daresi M\u00fcd\u00fcrl\u00fc\u011f\u00fc\u2019n\u00fcn ge\u00e7ici koruma dahilinde olan yabanc\u0131lar ile d\u00fczensiz ve d\u00fczenli g\u00f6\u00e7menler hakk\u0131ndaki verileri \u00e7er\u00e7evesinde Ayd\u0131n genelinde 118 farkl\u0131 \u00fclkeden yabanc\u0131 uyruklu vatanda\u015f ya\u015farken, 24 Nisan 2026 y\u0131l\u0131 istatistiklerine g\u00f6re il genelinde 10 bin 121 ikamet izinli yabanc\u0131 bulunuyor.<\/p>\n<p>Son verilere g\u00f6re Ayd\u0131n\u2019\u0131n ikamet izinli yabanc\u0131 say\u0131s\u0131nda 2026 y\u0131l\u0131n\u0131n ilk 4 ay\u0131nda art\u0131\u015f ya\u015fan\u0131rken, yakla\u015f\u0131k y\u00fczde 6 oran\u0131nda bir art\u0131\u015f ya\u015fand\u0131. 25 Aral\u0131k 2025 verilerine g\u00f6re 9 bin 557 olan ikamet izinli yabanc\u0131 say\u0131s\u0131 24 Nisan 2026 verileri kapsam\u0131nda 10 bin 121 oldu. Buna g\u00f6re son 4 ayda toplam 564 yabanc\u0131 ikametini Ayd\u0131n\u2019a ald\u0131rd\u0131.<\/p>\n<p>\u00d6te yandan Ge\u00e7ici Koruma stat\u00fcs\u00fcnde Ayd\u0131n\u2019da ya\u015fayan Suriyelilerin say\u0131s\u0131 ise 25 Aral\u0131k 2025 tarihinde 6 bin 884 olurken, son 4 ayda say\u0131 yakla\u015f\u0131k y\u00fczde 3 oran\u0131nda azalarak 24 Nisan 2026 tarihinde 6 bin 688 oldu. 1 milyon 172 bin 107 n\u00fcfuslu Ayd\u0131n\u2019daki Suriyelilerin n\u00fcfusa oran\u0131 ise 0,57 oldu.<br \/><\/p>\n","protected":false},"excerpt":{"rendered":"<p>\u00d6zellikle yaz aylar\u0131nda n\u00fcfus art\u0131\u015f\u0131 ya\u015fayan Ayd\u0131n\u2019da, ikamet izni alan yabanc\u0131lar\u0131n say\u0131s\u0131 2026 y\u0131l\u0131n\u0131n ilk 4 ay\u0131nda artarken, ikamet izinli yabanc\u0131 say\u0131s\u0131 10 bin 121 oldu. Tarihi ve do\u011fal g\u00fczellikleri ile bir\u00e7ok vatanda\u015f\u0131n tercih sebebi olan Ayd\u0131n, yabanc\u0131 uyruklu vatanda\u015flar\u0131n da tercihleri aras\u0131nda yer al\u0131rken, ikamet izni alan yabanc\u0131lar\u0131n say\u0131s\u0131nda art\u0131\u015f ya\u015fanmaya ba\u015flad\u0131. Ayd\u0131n \u0130l&#8230;<\/p>\n","protected":false},"author":1,"featured_media":99399,"comment_status":"open","ping_status":"open","sticky":false,"template":"","format":"standard","meta":{"_crdt_document":"","footnotes":""},"categories":[1],"tags":[],"class_list":["post-99398","post","type-post","status-publish","format-standard","has-post-thumbnail","hentry","category-guncel"],"_links":{"self":[{"href":"https:\/\/www.egemtv.com\/index.php?rest_route=\/wp\/v2\/posts\/99398","targetHints":{"allow":["GET"]}}],"collection":[{"href":"https:\/\/www.egemtv.com\/index.php?rest_route=\/wp\/v2\/posts"}],"about":[{"href":"https:\/\/www.egemtv.com\/index.php?rest_route=\/wp\/v2\/types\/post"}],"author":[{"embeddable":true,"href":"https:\/\/www.egemtv.com\/index.php?rest_route=\/wp\/v2\/users\/1"}],"replies":[{"embeddable":true,"href":"https:\/\/www.egemtv.com\/index.php?rest_route=%2Fwp%2Fv2%2Fcomments&post=99398"}],"version-history":[{"count":1,"href":"https:\/\/www.egemtv.com\/index.php?rest_route=\/wp\/v2\/posts\/99398\/revisions"}],"predecessor-version":[{"id":99400,"href":"https:\/\/www.egemtv.com\/index.php?rest_route=\/wp\/v2\/posts\/99398\/revisions\/99400"}],"wp:featuredmedia":[{"embeddable":true,"href":"https:\/\/www.egemtv.com\/index.php?rest_route=\/wp\/v2\/media\/99399"}],"wp:attachment":[{"href":"https:\/\/www.egemtv.com\/index.php?rest_route=%2Fwp%2Fv2%2Fmedia&parent=99398"}],"wp:term":[{"taxonomy":"category","embeddable":true,"href":"https:\/\/www.egemtv.com\/index.php?rest_route=%2Fwp%2Fv2%2Fcategories&post=99398"},{"taxonomy":"post_tag","embeddable":true,"href":"https:\/\/www.egemtv.com\/index.php?rest_route=%2Fwp%2Fv2%2Ftags&post=99398"}],"curies":[{"name":"wp","href":"https:\/\/api.w.org\/{rel}","templated":true}]}}