{"id":99395,"date":"2026-04-28T00:40:30","date_gmt":"2026-04-27T21:40:30","guid":{"rendered":"https:\/\/www.egemtv.com\/?p=99395"},"modified":"2026-04-28T00:40:31","modified_gmt":"2026-04-27T21:40:31","slug":"iyi-parti-manisa-il-baskani-yunus-koca-ve-yonetimi-gorevden-alindi","status":"publish","type":"post","link":"https:\/\/www.egemtv.com\/?p=99395","title":{"rendered":"\u0130Y\u0130 Parti Manisa \u0130l Ba\u015fkan\u0131 Yunus Koca ve y\u00f6netimi g\u00f6revden al\u0131nd\u0131"},"content":{"rendered":"<p>\u0130Y\u0130 Parti\u2019de Manisa te\u015fkilat\u0131nda 8 Kas\u0131m 2025 tarihinde ger\u00e7ekle\u015ftirilen 4. Ola\u011fan Kongre\u2019de \u0130l Ba\u015fkanl\u0131\u011f\u0131\u2019na se\u00e7ilen Yunus Koca ile \u0130l Y\u00f6netim Kurulu\u2019nun, Genel Merkez karar\u0131yla g\u00f6revden al\u0131nd\u0131\u011f\u0131 \u00f6\u011frenildi.<br \/>\n<br \/>\u0130Y\u0130 Parti Genel Merkezi taraf\u0131ndan haz\u0131rlanan ve 27 Nisan 2026 tarihini ta\u015f\u0131yan resmi yaz\u0131da, Manisa \u0130l Ba\u015fkan\u0131 Yunus Koca ile il y\u00f6netiminin g\u00f6revden al\u0131nd\u0131\u011f\u0131 bildirildi. G\u00f6revden al\u0131nma yaz\u0131s\u0131nda karar\u0131n, Siyasi Partiler Kanunu ile parti t\u00fcz\u00fc\u011f\u00fcn\u00fcn ilgili maddeleri do\u011frultusunda Ba\u015fkanl\u0131k Divan\u0131\u2019n\u0131n 27 Nisan 2026 tarihli toplant\u0131s\u0131nda al\u0131nd\u0131\u011f\u0131 ifade edildi. G\u00f6revden alma yaz\u0131s\u0131nda, Te\u015fkilat \u0130\u015flerinden Sorumlu Genel Ba\u015fkan Yard\u0131mc\u0131s\u0131 ve Denizli Milletvekili Yasin \u00d6zt\u00fcrk\u2019\u00fcn imzas\u0131 yer al\u0131rken, karar Genel Ba\u015fkan D. M\u00fcsavat Dervi\u015fo\u011flu taraf\u0131ndan da onayland\u0131.<br \/>\n<br \/>8 Kas\u0131m 2025 tarihinde yap\u0131lan kongrede delegelerin oylar\u0131yla g\u00f6reve gelen Yunus Koca ve y\u00f6netiminin neden g\u00f6revden al\u0131nd\u0131\u011f\u0131na ili\u015fkin resmi bir a\u00e7\u0131klama ise hen\u00fcz yap\u0131lmad\u0131.<br \/><\/p>\n","protected":false},"excerpt":{"rendered":"<p>\u0130Y\u0130 Parti\u2019de Manisa te\u015fkilat\u0131nda 8 Kas\u0131m 2025 tarihinde ger\u00e7ekle\u015ftirilen 4. Ola\u011fan Kongre\u2019de \u0130l Ba\u015fkanl\u0131\u011f\u0131\u2019na se\u00e7ilen Yunus Koca ile \u0130l Y\u00f6netim Kurulu\u2019nun, Genel Merkez karar\u0131yla g\u00f6revden al\u0131nd\u0131\u011f\u0131 \u00f6\u011frenildi. \u0130Y\u0130 Parti Genel Merkezi taraf\u0131ndan haz\u0131rlanan ve 27 Nisan 2026 tarihini ta\u015f\u0131yan resmi yaz\u0131da, Manisa \u0130l Ba\u015fkan\u0131 Yunus Koca ile il y\u00f6netiminin g\u00f6revden al\u0131nd\u0131\u011f\u0131 bildirildi. G\u00f6revden al\u0131nma yaz\u0131s\u0131nda&#8230;<\/p>\n","protected":false},"author":1,"featured_media":99396,"comment_status":"open","ping_status":"open","sticky":false,"template":"","format":"standard","meta":{"_crdt_document":"","footnotes":""},"categories":[127],"tags":[],"class_list":["post-99395","post","type-post","status-publish","format-standard","has-post-thumbnail","hentry","category-siyaset"],"_links":{"self":[{"href":"https:\/\/www.egemtv.com\/index.php?rest_route=\/wp\/v2\/posts\/99395","targetHints":{"allow":["GET"]}}],"collection":[{"href":"https:\/\/www.egemtv.com\/index.php?rest_route=\/wp\/v2\/posts"}],"about":[{"href":"https:\/\/www.egemtv.com\/index.php?rest_route=\/wp\/v2\/types\/post"}],"author":[{"embeddable":true,"href":"https:\/\/www.egemtv.com\/index.php?rest_route=\/wp\/v2\/users\/1"}],"replies":[{"embeddable":true,"href":"https:\/\/www.egemtv.com\/index.php?rest_route=%2Fwp%2Fv2%2Fcomments&post=99395"}],"version-history":[{"count":1,"href":"https:\/\/www.egemtv.com\/index.php?rest_route=\/wp\/v2\/posts\/99395\/revisions"}],"predecessor-version":[{"id":99397,"href":"https:\/\/www.egemtv.com\/index.php?rest_route=\/wp\/v2\/posts\/99395\/revisions\/99397"}],"wp:featuredmedia":[{"embeddable":true,"href":"https:\/\/www.egemtv.com\/index.php?rest_route=\/wp\/v2\/media\/99396"}],"wp:attachment":[{"href":"https:\/\/www.egemtv.com\/index.php?rest_route=%2Fwp%2Fv2%2Fmedia&parent=99395"}],"wp:term":[{"taxonomy":"category","embeddable":true,"href":"https:\/\/www.egemtv.com\/index.php?rest_route=%2Fwp%2Fv2%2Fcategories&post=99395"},{"taxonomy":"post_tag","embeddable":true,"href":"https:\/\/www.egemtv.com\/index.php?rest_route=%2Fwp%2Fv2%2Ftags&post=99395"}],"curies":[{"name":"wp","href":"https:\/\/api.w.org\/{rel}","templated":true}]}}