{"id":99392,"date":"2026-04-27T22:55:35","date_gmt":"2026-04-27T19:55:35","guid":{"rendered":"https:\/\/www.egemtv.com\/?p=99392"},"modified":"2026-04-27T22:55:37","modified_gmt":"2026-04-27T19:55:37","slug":"bodrumda-gocmen-kacakciligi-olayinda-4-tutuklama","status":"publish","type":"post","link":"https:\/\/www.egemtv.com\/?p=99392","title":{"rendered":"Bodrum\u2019da g\u00f6\u00e7men ka\u00e7ak\u00e7\u0131l\u0131\u011f\u0131 olay\u0131nda 4 tutuklama"},"content":{"rendered":"<p>Mu\u011fla\u2019n\u0131n Bodrum il\u00e7esi a\u00e7\u0131klar\u0131nda bir botta 40 d\u00fczensiz g\u00f6\u00e7menin yakalanmas\u0131yla ilgili g\u00f6zalt\u0131na al\u0131nan 6 ki\u015fiden 4\u2019\u00fc tutuklanarak cezaevine g\u00f6nderildi.<br \/>\n<br \/>Ge\u00e7ti\u011fimiz 23 Nisan g\u00fcn\u00fc Karaada a\u00e7\u0131klar\u0131nda i\u00e7erisinde d\u00fczensiz g\u00f6\u00e7menlerin bulundu\u011fu bot durdurulmu\u015f, bot i\u00e7inde 40 d\u00fczensiz g\u00f6\u00e7men yakalanm\u0131\u015ft\u0131. Olayla ilgili Bodrum Cumhuriyet Ba\u015fsavc\u0131l\u0131\u011f\u0131 taraf\u0131ndan ba\u015flat\u0131lan soru\u015fturma kapsam\u0131nda Mu\u011fla \u0130l Emniyet M\u00fcd\u00fcrl\u00fc\u011f\u00fc G\u00f6\u00e7men Ka\u00e7ak\u00e7\u0131l\u0131\u011f\u0131yla M\u00fccadele ve Hudut Kap\u0131lar\u0131 \u015eube M\u00fcd\u00fcrl\u00fc\u011f\u00fc ekipleri \u00e7al\u0131\u015fma ba\u015flatt\u0131. Yap\u0131lan \u00e7al\u0131\u015fmalarda U.U., A.\u00d6., E.B., ve A.\u015e. isimli \u015fah\u0131slar yakaland\u0131. Devam eden \u00e7al\u0131\u015fmalarda T.M. ve U.K. isimli \u015fah\u0131slar da yakalanarak g\u00f6zalt\u0131na al\u0131nd\u0131. Adliyeye sevk edilen \u015f\u00fcphelilerden A.\u015e. ve E.B. adli kontrol \u015fart\u0131yla serbest b\u0131rak\u0131l\u0131rken, U.U., A.\u00d6., T.M. ve U.K. isimli \u015fah\u0131slar \u00e7\u0131kar\u0131ld\u0131klar\u0131 mahkemece tutuklanarak cezaevine g\u00f6nderildi.<br \/><\/p>\n","protected":false},"excerpt":{"rendered":"<p>Mu\u011fla\u2019n\u0131n Bodrum il\u00e7esi a\u00e7\u0131klar\u0131nda bir botta 40 d\u00fczensiz g\u00f6\u00e7menin yakalanmas\u0131yla ilgili g\u00f6zalt\u0131na al\u0131nan 6 ki\u015fiden 4\u2019\u00fc tutuklanarak cezaevine g\u00f6nderildi. Ge\u00e7ti\u011fimiz 23 Nisan g\u00fcn\u00fc Karaada a\u00e7\u0131klar\u0131nda i\u00e7erisinde d\u00fczensiz g\u00f6\u00e7menlerin bulundu\u011fu bot durdurulmu\u015f, bot i\u00e7inde 40 d\u00fczensiz g\u00f6\u00e7men yakalanm\u0131\u015ft\u0131. Olayla ilgili Bodrum Cumhuriyet Ba\u015fsavc\u0131l\u0131\u011f\u0131 taraf\u0131ndan ba\u015flat\u0131lan soru\u015fturma kapsam\u0131nda Mu\u011fla \u0130l Emniyet M\u00fcd\u00fcrl\u00fc\u011f\u00fc G\u00f6\u00e7men Ka\u00e7ak\u00e7\u0131l\u0131\u011f\u0131yla M\u00fccadele ve Hudut&#8230;<\/p>\n","protected":false},"author":1,"featured_media":99393,"comment_status":"open","ping_status":"open","sticky":false,"template":"","format":"standard","meta":{"_crdt_document":"","footnotes":""},"categories":[5],"tags":[],"class_list":["post-99392","post","type-post","status-publish","format-standard","has-post-thumbnail","hentry","category-asayis"],"_links":{"self":[{"href":"https:\/\/www.egemtv.com\/index.php?rest_route=\/wp\/v2\/posts\/99392","targetHints":{"allow":["GET"]}}],"collection":[{"href":"https:\/\/www.egemtv.com\/index.php?rest_route=\/wp\/v2\/posts"}],"about":[{"href":"https:\/\/www.egemtv.com\/index.php?rest_route=\/wp\/v2\/types\/post"}],"author":[{"embeddable":true,"href":"https:\/\/www.egemtv.com\/index.php?rest_route=\/wp\/v2\/users\/1"}],"replies":[{"embeddable":true,"href":"https:\/\/www.egemtv.com\/index.php?rest_route=%2Fwp%2Fv2%2Fcomments&post=99392"}],"version-history":[{"count":1,"href":"https:\/\/www.egemtv.com\/index.php?rest_route=\/wp\/v2\/posts\/99392\/revisions"}],"predecessor-version":[{"id":99394,"href":"https:\/\/www.egemtv.com\/index.php?rest_route=\/wp\/v2\/posts\/99392\/revisions\/99394"}],"wp:featuredmedia":[{"embeddable":true,"href":"https:\/\/www.egemtv.com\/index.php?rest_route=\/wp\/v2\/media\/99393"}],"wp:attachment":[{"href":"https:\/\/www.egemtv.com\/index.php?rest_route=%2Fwp%2Fv2%2Fmedia&parent=99392"}],"wp:term":[{"taxonomy":"category","embeddable":true,"href":"https:\/\/www.egemtv.com\/index.php?rest_route=%2Fwp%2Fv2%2Fcategories&post=99392"},{"taxonomy":"post_tag","embeddable":true,"href":"https:\/\/www.egemtv.com\/index.php?rest_route=%2Fwp%2Fv2%2Ftags&post=99392"}],"curies":[{"name":"wp","href":"https:\/\/api.w.org\/{rel}","templated":true}]}}