{"id":99389,"date":"2026-04-27T21:46:05","date_gmt":"2026-04-27T18:46:05","guid":{"rendered":"https:\/\/www.egemtv.com\/?p=99389"},"modified":"2026-04-27T21:46:07","modified_gmt":"2026-04-27T18:46:07","slug":"eski-ak-parti-mugla-il-baskani-lacine-yonelik-saldirida-3-supheli-tutuklandi","status":"publish","type":"post","link":"https:\/\/www.egemtv.com\/?p=99389","title":{"rendered":"Eski AK Parti Mu\u011fla \u0130l Ba\u015fkan\u0131 La\u00e7in\u2019e y\u00f6nelik sald\u0131r\u0131da 3 \u015f\u00fcpheli tutukland\u0131"},"content":{"rendered":"<p>Mu\u011fla\u2019n\u0131n Dat\u00e7a il\u00e7esinde eski AK Parti Mu\u011fla \u0130l Ba\u015fkan\u0131 Haluk La\u00e7in\u2019e y\u00f6nelik silahl\u0131 sald\u0131r\u0131yla ilgili adliyeye sevk edilen 3 \u015f\u00fcpheli, \u00e7\u0131kar\u0131ld\u0131klar\u0131 mahkemece tutukland\u0131.<br \/>\n<br \/>Ge\u00e7ti\u011fimiz g\u00fcnlerde eski AK Parti Mu\u011fla \u0130l Ba\u015fkan\u0131 Haluk La\u00e7in\u2019e ger\u00e7ekle\u015ftirilen silahl\u0131 sald\u0131r\u0131ya ili\u015fkin soru\u015fturmada yeni bir geli\u015fme ya\u015fand\u0131. Olayla ilgili g\u00f6zalt\u0131na al\u0131nan E.K., V.K. ve A.K., emniyetteki i\u015flemleri tamamlanarak bug\u00fcn adliyeye sevk edildi. Savc\u0131l\u0131k i\u015flemlerinin ard\u0131ndan mahkemeye \u00e7\u0131kar\u0131lan 3 \u015f\u00fcpheli hakk\u0131nda tutuklama karar\u0131 verildi.<br \/>\n<br \/>Silahl\u0131 sald\u0131r\u0131, cuma g\u00fcn\u00fc saat 15.00 s\u0131ralar\u0131nda Haluk La\u00e7in\u2019in Dat\u00e7a\u2019daki ofisinde meydana gelmi\u015fti. \u0130ddiaya g\u00f6re, ofise gelen iki ki\u015fi para talebinde bulunmu\u015ftu. Ya\u015fanan tart\u0131\u015fman\u0131n ard\u0131ndan E.K., silahla La\u00e7in\u2019e ate\u015f etmi\u015fti. Sald\u0131r\u0131n\u0131n ard\u0131ndan olay yerinden motosikletle ka\u00e7an \u015f\u00fcpheli, polis ekiplerince k\u0131sa s\u00fcrede yakalanm\u0131\u015ft\u0131. Soru\u015fturma kapsam\u0131nda olayla ba\u011flant\u0131l\u0131 oldu\u011fu de\u011ferlendirilen V.K. ve A.K. da g\u00f6zalt\u0131na al\u0131nm\u0131\u015ft\u0131. Baca\u011f\u0131ndan yaralanan Haluk La\u00e7in, Dat\u00e7a Devlet Hastanesi\u2019nde yap\u0131lan ilk m\u00fcdahalenin ard\u0131ndan Mu\u011fla E\u011fitim ve Ara\u015ft\u0131rma Hastanesi\u2019ne sevk edilmi\u015fti. La\u00e7in\u2019in tedavisinin s\u00fcrd\u00fc\u011f\u00fc \u00f6\u011frenildi.<br \/><\/p>\n","protected":false},"excerpt":{"rendered":"<p>Mu\u011fla\u2019n\u0131n Dat\u00e7a il\u00e7esinde eski AK Parti Mu\u011fla \u0130l Ba\u015fkan\u0131 Haluk La\u00e7in\u2019e y\u00f6nelik silahl\u0131 sald\u0131r\u0131yla ilgili adliyeye sevk edilen 3 \u015f\u00fcpheli, \u00e7\u0131kar\u0131ld\u0131klar\u0131 mahkemece tutukland\u0131. Ge\u00e7ti\u011fimiz g\u00fcnlerde eski AK Parti Mu\u011fla \u0130l Ba\u015fkan\u0131 Haluk La\u00e7in\u2019e ger\u00e7ekle\u015ftirilen silahl\u0131 sald\u0131r\u0131ya ili\u015fkin soru\u015fturmada yeni bir geli\u015fme ya\u015fand\u0131. Olayla ilgili g\u00f6zalt\u0131na al\u0131nan E.K., V.K. ve A.K., emniyetteki i\u015flemleri tamamlanarak bug\u00fcn adliyeye&#8230;<\/p>\n","protected":false},"author":1,"featured_media":99390,"comment_status":"open","ping_status":"open","sticky":false,"template":"","format":"standard","meta":{"_crdt_document":"","footnotes":""},"categories":[5],"tags":[],"class_list":["post-99389","post","type-post","status-publish","format-standard","has-post-thumbnail","hentry","category-asayis"],"_links":{"self":[{"href":"https:\/\/www.egemtv.com\/index.php?rest_route=\/wp\/v2\/posts\/99389","targetHints":{"allow":["GET"]}}],"collection":[{"href":"https:\/\/www.egemtv.com\/index.php?rest_route=\/wp\/v2\/posts"}],"about":[{"href":"https:\/\/www.egemtv.com\/index.php?rest_route=\/wp\/v2\/types\/post"}],"author":[{"embeddable":true,"href":"https:\/\/www.egemtv.com\/index.php?rest_route=\/wp\/v2\/users\/1"}],"replies":[{"embeddable":true,"href":"https:\/\/www.egemtv.com\/index.php?rest_route=%2Fwp%2Fv2%2Fcomments&post=99389"}],"version-history":[{"count":1,"href":"https:\/\/www.egemtv.com\/index.php?rest_route=\/wp\/v2\/posts\/99389\/revisions"}],"predecessor-version":[{"id":99391,"href":"https:\/\/www.egemtv.com\/index.php?rest_route=\/wp\/v2\/posts\/99389\/revisions\/99391"}],"wp:featuredmedia":[{"embeddable":true,"href":"https:\/\/www.egemtv.com\/index.php?rest_route=\/wp\/v2\/media\/99390"}],"wp:attachment":[{"href":"https:\/\/www.egemtv.com\/index.php?rest_route=%2Fwp%2Fv2%2Fmedia&parent=99389"}],"wp:term":[{"taxonomy":"category","embeddable":true,"href":"https:\/\/www.egemtv.com\/index.php?rest_route=%2Fwp%2Fv2%2Fcategories&post=99389"},{"taxonomy":"post_tag","embeddable":true,"href":"https:\/\/www.egemtv.com\/index.php?rest_route=%2Fwp%2Fv2%2Ftags&post=99389"}],"curies":[{"name":"wp","href":"https:\/\/api.w.org\/{rel}","templated":true}]}}