{"id":99386,"date":"2026-04-27T21:46:03","date_gmt":"2026-04-27T18:46:03","guid":{"rendered":"https:\/\/www.egemtv.com\/?p=99386"},"modified":"2026-04-27T21:46:04","modified_gmt":"2026-04-27T18:46:04","slug":"yatagan-milas-karayolunda-kaza-1-yarali","status":"publish","type":"post","link":"https:\/\/www.egemtv.com\/?p=99386","title":{"rendered":"Yata\u011fan-Milas Karayolu\u2019nda kaza: 1 yaral\u0131"},"content":{"rendered":"<p>Mu\u011fla\u2019n\u0131n Yata\u011fan il\u00e7esinde kontrolden \u00e7\u0131kan otomobil \u015farampole yuvarlan\u0131rken, kazada 1 ki\u015fi yaraland\u0131.<br \/>\n<br \/>Kaza, Yata\u011fan-Milas Karayolu \u00fczerinde, Turgut Kav\u015fa\u011f\u0131\u2019n\u0131 ge\u00e7tikten sonra Yata\u011fan Termik Santrali \u00f6n\u00fcnde ger\u00e7ekle\u015fti. Edinilen bilgilere g\u00f6re, Milas istikametindeki Feridun A. idaresindeki 48 N 8203 plakal\u0131 otomobil, Fatih \u00d6. idaresindeki 35 CRY 802 plakal\u0131 t\u0131r ile temas etmesi sonucu kontrolden \u00e7\u0131kt\u0131. Savrulan otomobil \u015farampolde bulunan kanala yuvarland\u0131. Kazada otomobil s\u00fcr\u00fcc\u00fcs\u00fc Feridun A. yaraland\u0131. \u0130hbar \u00fczerine olay yerine sa\u011fl\u0131k ve polis ekipleri sevk edildi. Yaral\u0131 s\u00fcr\u00fcc\u00fc, ilk m\u00fcdahalenin ard\u0131ndan hastaneye kald\u0131r\u0131larak tedavi alt\u0131na al\u0131nd\u0131. Kazayla ilgili inceleme ba\u015flat\u0131ld\u0131.<br \/><\/p>\n","protected":false},"excerpt":{"rendered":"<p>Mu\u011fla\u2019n\u0131n Yata\u011fan il\u00e7esinde kontrolden \u00e7\u0131kan otomobil \u015farampole yuvarlan\u0131rken, kazada 1 ki\u015fi yaraland\u0131. Kaza, Yata\u011fan-Milas Karayolu \u00fczerinde, Turgut Kav\u015fa\u011f\u0131\u2019n\u0131 ge\u00e7tikten sonra Yata\u011fan Termik Santrali \u00f6n\u00fcnde ger\u00e7ekle\u015fti. Edinilen bilgilere g\u00f6re, Milas istikametindeki Feridun A. idaresindeki 48 N 8203 plakal\u0131 otomobil, Fatih \u00d6. idaresindeki 35 CRY 802 plakal\u0131 t\u0131r ile temas etmesi sonucu kontrolden \u00e7\u0131kt\u0131. Savrulan otomobil \u015farampolde&#8230;<\/p>\n","protected":false},"author":1,"featured_media":99387,"comment_status":"open","ping_status":"open","sticky":false,"template":"","format":"standard","meta":{"_crdt_document":"","footnotes":""},"categories":[5],"tags":[],"class_list":["post-99386","post","type-post","status-publish","format-standard","has-post-thumbnail","hentry","category-asayis"],"_links":{"self":[{"href":"https:\/\/www.egemtv.com\/index.php?rest_route=\/wp\/v2\/posts\/99386","targetHints":{"allow":["GET"]}}],"collection":[{"href":"https:\/\/www.egemtv.com\/index.php?rest_route=\/wp\/v2\/posts"}],"about":[{"href":"https:\/\/www.egemtv.com\/index.php?rest_route=\/wp\/v2\/types\/post"}],"author":[{"embeddable":true,"href":"https:\/\/www.egemtv.com\/index.php?rest_route=\/wp\/v2\/users\/1"}],"replies":[{"embeddable":true,"href":"https:\/\/www.egemtv.com\/index.php?rest_route=%2Fwp%2Fv2%2Fcomments&post=99386"}],"version-history":[{"count":1,"href":"https:\/\/www.egemtv.com\/index.php?rest_route=\/wp\/v2\/posts\/99386\/revisions"}],"predecessor-version":[{"id":99388,"href":"https:\/\/www.egemtv.com\/index.php?rest_route=\/wp\/v2\/posts\/99386\/revisions\/99388"}],"wp:featuredmedia":[{"embeddable":true,"href":"https:\/\/www.egemtv.com\/index.php?rest_route=\/wp\/v2\/media\/99387"}],"wp:attachment":[{"href":"https:\/\/www.egemtv.com\/index.php?rest_route=%2Fwp%2Fv2%2Fmedia&parent=99386"}],"wp:term":[{"taxonomy":"category","embeddable":true,"href":"https:\/\/www.egemtv.com\/index.php?rest_route=%2Fwp%2Fv2%2Fcategories&post=99386"},{"taxonomy":"post_tag","embeddable":true,"href":"https:\/\/www.egemtv.com\/index.php?rest_route=%2Fwp%2Fv2%2Ftags&post=99386"}],"curies":[{"name":"wp","href":"https:\/\/api.w.org\/{rel}","templated":true}]}}