{"id":99380,"date":"2026-04-27T18:15:45","date_gmt":"2026-04-27T15:15:45","guid":{"rendered":"https:\/\/www.egemtv.com\/?p=99380"},"modified":"2026-04-27T18:15:48","modified_gmt":"2026-04-27T15:15:48","slug":"marmaris-belediyesine-avrupadan-prestijli-odul","status":"publish","type":"post","link":"https:\/\/www.egemtv.com\/?p=99380","title":{"rendered":"Marmaris Belediyesi\u2019ne Avrupa\u2019dan prestijli \u00f6d\u00fcl"},"content":{"rendered":"<p>Marmaris Belediyesi, Avrupa Konseyi taraf\u0131ndan verilen \u2019Avrupa Diplomas\u0131\u2019 \u00f6d\u00fcl\u00fcne lay\u0131k g\u00f6r\u00fcld\u00fc. Avrupa genelinde yaln\u0131zca 12 belediyeye verilen \u00f6d\u00fcl, kentin s\u00fcrd\u00fcr\u00fclebilirlik vizyonu ve uluslararas\u0131 i\u015f birliklerindeki ba\u015far\u0131s\u0131n\u0131 tescilledi.<\/p>\n<p>Marmaris Belediyesi, Avrupa Konseyi taraf\u0131ndan verilen \u2019Avrupa Diplomas\u0131\u2019 \u00f6d\u00fcl\u00fcne lay\u0131k g\u00f6r\u00fcld\u00fc. Uluslararas\u0131 \u00f6l\u00e7ekte y\u00fcr\u00fct\u00fclen de\u011ferlendirme s\u00fcrecinde, Marmaris\u2019in hayata ge\u00e7irdi\u011fi \u00e7al\u0131\u015fmalar belirli kriterler do\u011frultusunda incelenerek bu prestijli \u00f6d\u00fcl\u00fcn verilmesine karar verildi. Avrupa genelinde bu y\u0131l yaln\u0131zca 12 belediyeye takdim edilen \u00f6d\u00fcl; kentin s\u00fcrd\u00fcr\u00fclebilirlik vizyonu, uluslararas\u0131 i\u015f birlikleri ve ortak Avrupa de\u011ferlerine ba\u011fl\u0131l\u0131\u011f\u0131n\u0131n g\u00fc\u00e7l\u00fc bir g\u00f6stergesi olarak \u00f6ne \u00e7\u0131k\u0131yor. Bu anlaml\u0131 ba\u015far\u0131n\u0131n \u00f6d\u00fcl t\u00f6reni Haziran ay\u0131nda Strazburg\u2019da Avrupa Konseyi\u2019nde ger\u00e7ekle\u015ftirilecek.<\/p>\n<p>Do\u011fas\u0131n\u0131 koruyan, dayan\u0131kl\u0131l\u0131\u011f\u0131n\u0131 g\u00fc\u00e7lendiren ve gelece\u011fini s\u00fcrd\u00fcr\u00fclebilirlik ekseninde \u015fekillendiren Marmaris, uluslararas\u0131 alandaki konumunu her ge\u00e7en g\u00fcn daha da g\u00fc\u00e7lendi\u011fini ifade eden Marmaris Belediye Ba\u015fkan\u0131 Acar \u00dcnl\u00fc, al\u0131nan \u00f6d\u00fcl\u00fcn belediyenin uluslararas\u0131 platformlardaki \u00e7al\u0131\u015fmalar\u0131n\u0131n bir sonucu oldu\u011funu belirterek, &#8220;Bu \u00f6d\u00fcl, Avrupa Konseyi ile y\u00fcr\u00fctt\u00fc\u011f\u00fcm\u00fcz uzun soluklu de\u011ferlendirme s\u00fcrecinin \u00f6nemli bir a\u015famas\u0131d\u0131r. Nihai hedefimiz \u2018Avrupa \u00d6d\u00fcl\u00fc\u2019d\u00fcr. S\u00fcrecin bundan sonraki a\u015famalar\u0131 da Avrupa Konseyi kriterleri do\u011frultusunda devam edecektir&#8221; ifadelerini kulland\u0131.<br \/><\/p>\n","protected":false},"excerpt":{"rendered":"<p>Marmaris Belediyesi, Avrupa Konseyi taraf\u0131ndan verilen \u2019Avrupa Diplomas\u0131\u2019 \u00f6d\u00fcl\u00fcne lay\u0131k g\u00f6r\u00fcld\u00fc. Avrupa genelinde yaln\u0131zca 12 belediyeye verilen \u00f6d\u00fcl, kentin s\u00fcrd\u00fcr\u00fclebilirlik vizyonu ve uluslararas\u0131 i\u015f birliklerindeki ba\u015far\u0131s\u0131n\u0131 tescilledi. Marmaris Belediyesi, Avrupa Konseyi taraf\u0131ndan verilen \u2019Avrupa Diplomas\u0131\u2019 \u00f6d\u00fcl\u00fcne lay\u0131k g\u00f6r\u00fcld\u00fc. Uluslararas\u0131 \u00f6l\u00e7ekte y\u00fcr\u00fct\u00fclen de\u011ferlendirme s\u00fcrecinde, Marmaris\u2019in hayata ge\u00e7irdi\u011fi \u00e7al\u0131\u015fmalar belirli kriterler do\u011frultusunda incelenerek bu prestijli \u00f6d\u00fcl\u00fcn verilmesine&#8230;<\/p>\n","protected":false},"author":1,"featured_media":99381,"comment_status":"open","ping_status":"open","sticky":false,"template":"","format":"standard","meta":{"_crdt_document":"","footnotes":""},"categories":[1],"tags":[],"class_list":["post-99380","post","type-post","status-publish","format-standard","has-post-thumbnail","hentry","category-guncel"],"_links":{"self":[{"href":"https:\/\/www.egemtv.com\/index.php?rest_route=\/wp\/v2\/posts\/99380","targetHints":{"allow":["GET"]}}],"collection":[{"href":"https:\/\/www.egemtv.com\/index.php?rest_route=\/wp\/v2\/posts"}],"about":[{"href":"https:\/\/www.egemtv.com\/index.php?rest_route=\/wp\/v2\/types\/post"}],"author":[{"embeddable":true,"href":"https:\/\/www.egemtv.com\/index.php?rest_route=\/wp\/v2\/users\/1"}],"replies":[{"embeddable":true,"href":"https:\/\/www.egemtv.com\/index.php?rest_route=%2Fwp%2Fv2%2Fcomments&post=99380"}],"version-history":[{"count":1,"href":"https:\/\/www.egemtv.com\/index.php?rest_route=\/wp\/v2\/posts\/99380\/revisions"}],"predecessor-version":[{"id":99382,"href":"https:\/\/www.egemtv.com\/index.php?rest_route=\/wp\/v2\/posts\/99380\/revisions\/99382"}],"wp:featuredmedia":[{"embeddable":true,"href":"https:\/\/www.egemtv.com\/index.php?rest_route=\/wp\/v2\/media\/99381"}],"wp:attachment":[{"href":"https:\/\/www.egemtv.com\/index.php?rest_route=%2Fwp%2Fv2%2Fmedia&parent=99380"}],"wp:term":[{"taxonomy":"category","embeddable":true,"href":"https:\/\/www.egemtv.com\/index.php?rest_route=%2Fwp%2Fv2%2Fcategories&post=99380"},{"taxonomy":"post_tag","embeddable":true,"href":"https:\/\/www.egemtv.com\/index.php?rest_route=%2Fwp%2Fv2%2Ftags&post=99380"}],"curies":[{"name":"wp","href":"https:\/\/api.w.org\/{rel}","templated":true}]}}