{"id":99374,"date":"2026-04-27T17:40:57","date_gmt":"2026-04-27T14:40:57","guid":{"rendered":"https:\/\/www.egemtv.com\/?p=99374"},"modified":"2026-04-27T17:40:58","modified_gmt":"2026-04-27T14:40:58","slug":"baskan-zencirci-eczane-teknisyenlerini-unutmadi","status":"publish","type":"post","link":"https:\/\/www.egemtv.com\/?p=99374","title":{"rendered":"Ba\u015fkan Zencirci, eczane teknisyenlerini unutmad\u0131"},"content":{"rendered":"<p>Germencik Belediye Ba\u015fkan\u0131 Burak Zencirci, 26 Nisan Eczane Teknisyenleri G\u00fcn\u00fc dolay\u0131s\u0131yla il\u00e7ede g\u00f6rev yapan eczane teknisyenlerini unutmad\u0131.<br \/>\n<br \/>Sa\u011fl\u0131k hizmetlerinin \u00f6nemli bir par\u00e7as\u0131 olan teknisyenlere y\u00f6nelik anlaml\u0131 bir jest yapan Zencirci, il\u00e7edeki t\u00fcm eczanelere tatl\u0131 g\u00f6ndererek g\u00fcnlerini kutlad\u0131. Ba\u015fkan Zencirci, sa\u011fl\u0131k sisteminin g\u00f6r\u00fcnmeyen kahramanlar\u0131 aras\u0131nda yer alan eczane teknisyenlerinin b\u00fcy\u00fck bir \u00f6zveriyle \u00e7al\u0131\u015ft\u0131\u011f\u0131n\u0131 belirterek, &#8220;Vatanda\u015flar\u0131m\u0131z\u0131n sa\u011fl\u0131\u011fa eri\u015fiminde \u00f6nemli bir g\u00f6rev \u00fcstlenen t\u00fcm teknisyenlerimizin g\u00fcn\u00fcn\u00fc kutluyorum&#8221; mesaj\u0131n\u0131 iletti. G\u00f6nderilen tatl\u0131lar, eczane \u00e7al\u0131\u015fanlar\u0131 taraf\u0131ndan memnuniyetle kar\u015f\u0131lan\u0131rken, Ba\u015fkan Zencirci\u2019ye te\u015fekk\u00fcr ederek bu g\u00fczel tebri\u011fin motivasyon a\u00e7\u0131s\u0131ndan \u00f6nemli oldu\u011funu ifade ederek memnuniyetlerini dile getirdi.<br \/><\/p>\n","protected":false},"excerpt":{"rendered":"<p>Germencik Belediye Ba\u015fkan\u0131 Burak Zencirci, 26 Nisan Eczane Teknisyenleri G\u00fcn\u00fc dolay\u0131s\u0131yla il\u00e7ede g\u00f6rev yapan eczane teknisyenlerini unutmad\u0131. Sa\u011fl\u0131k hizmetlerinin \u00f6nemli bir par\u00e7as\u0131 olan teknisyenlere y\u00f6nelik anlaml\u0131 bir jest yapan Zencirci, il\u00e7edeki t\u00fcm eczanelere tatl\u0131 g\u00f6ndererek g\u00fcnlerini kutlad\u0131. Ba\u015fkan Zencirci, sa\u011fl\u0131k sisteminin g\u00f6r\u00fcnmeyen kahramanlar\u0131 aras\u0131nda yer alan eczane teknisyenlerinin b\u00fcy\u00fck bir \u00f6zveriyle \u00e7al\u0131\u015ft\u0131\u011f\u0131n\u0131 belirterek, &#8220;Vatanda\u015flar\u0131m\u0131z\u0131n sa\u011fl\u0131\u011fa&#8230;<\/p>\n","protected":false},"author":1,"featured_media":99375,"comment_status":"open","ping_status":"open","sticky":false,"template":"","format":"standard","meta":{"_crdt_document":"","footnotes":""},"categories":[1],"tags":[],"class_list":["post-99374","post","type-post","status-publish","format-standard","has-post-thumbnail","hentry","category-guncel"],"_links":{"self":[{"href":"https:\/\/www.egemtv.com\/index.php?rest_route=\/wp\/v2\/posts\/99374","targetHints":{"allow":["GET"]}}],"collection":[{"href":"https:\/\/www.egemtv.com\/index.php?rest_route=\/wp\/v2\/posts"}],"about":[{"href":"https:\/\/www.egemtv.com\/index.php?rest_route=\/wp\/v2\/types\/post"}],"author":[{"embeddable":true,"href":"https:\/\/www.egemtv.com\/index.php?rest_route=\/wp\/v2\/users\/1"}],"replies":[{"embeddable":true,"href":"https:\/\/www.egemtv.com\/index.php?rest_route=%2Fwp%2Fv2%2Fcomments&post=99374"}],"version-history":[{"count":1,"href":"https:\/\/www.egemtv.com\/index.php?rest_route=\/wp\/v2\/posts\/99374\/revisions"}],"predecessor-version":[{"id":99376,"href":"https:\/\/www.egemtv.com\/index.php?rest_route=\/wp\/v2\/posts\/99374\/revisions\/99376"}],"wp:featuredmedia":[{"embeddable":true,"href":"https:\/\/www.egemtv.com\/index.php?rest_route=\/wp\/v2\/media\/99375"}],"wp:attachment":[{"href":"https:\/\/www.egemtv.com\/index.php?rest_route=%2Fwp%2Fv2%2Fmedia&parent=99374"}],"wp:term":[{"taxonomy":"category","embeddable":true,"href":"https:\/\/www.egemtv.com\/index.php?rest_route=%2Fwp%2Fv2%2Fcategories&post=99374"},{"taxonomy":"post_tag","embeddable":true,"href":"https:\/\/www.egemtv.com\/index.php?rest_route=%2Fwp%2Fv2%2Ftags&post=99374"}],"curies":[{"name":"wp","href":"https:\/\/api.w.org\/{rel}","templated":true}]}}