{"id":99371,"date":"2026-04-27T17:05:47","date_gmt":"2026-04-27T14:05:47","guid":{"rendered":"https:\/\/www.egemtv.com\/?p=99371"},"modified":"2026-04-27T17:05:49","modified_gmt":"2026-04-27T14:05:49","slug":"dtonun-denizli-is-insanlari-heyeti-cin-canton-fuarina-katildi","status":"publish","type":"post","link":"https:\/\/www.egemtv.com\/?p=99371","title":{"rendered":"DTO\u2019nun Denizli i\u015f insanlar\u0131 heyeti, \u00c7in Canton Fuar\u0131na kat\u0131ld\u0131"},"content":{"rendered":"<p>Denizli Ticaret Odas\u0131 (DTO), Denizli i\u015f d\u00fcnyas\u0131n\u0131n uluslararas\u0131 ticaretteki etkinli\u011fini art\u0131rmaya y\u00f6nelik \u00f6nemli bir organizasyona daha imza att\u0131. \u00dcyelerinden in\u015faat, dekorasyon, mobilya, in\u015faat malzemeleri, banyo gruplar\u0131 ve z\u00fcccaciye sekt\u00f6rlerinde faaliyet g\u00f6steren 32 firman\u0131n temsilcilerinden olu\u015fan b\u00fcy\u00fck bir heyet ile, \u00c7in Halk Cumhuriyeti\u2019nin Guangzhou kentinde 139.\u2019su ger\u00e7ekle\u015ftirilen Canton Fuar\u0131na kat\u0131ld\u0131.<\/p>\n<p>D\u00fcnyan\u0131n en b\u00fcy\u00fck genel ticaret fuarlar\u0131ndan biri olarak kabul edilen Canton Fuar\u0131, yakla\u015f\u0131k 1,5 milyon metrekareyi a\u015fan sergi alan\u0131, 25 bini a\u015fk\u0131n kat\u0131l\u0131mc\u0131 firma ve 200\u2019\u00fcn \u00fczerinde \u00fclkeden gelen y\u00fcz binlerce profesyonel ziyaret\u00e7isi ile k\u00fcresel ticaretin en \u00f6nemli bulu\u015fma noktalar\u0131ndan biri olma \u00f6zelli\u011fini ta\u015f\u0131yor. 50\u2019ye yak\u0131n sekt\u00f6rde y\u00fcz binlerce \u00fcr\u00fcn\u00fcn sergilendi\u011fi fuar; yap\u0131 malzemeleri, i\u00e7 dekorasyon, mobilya ve ev gere\u00e7leri gibi Denizli sanayisi a\u00e7\u0131s\u0131ndan kritik alanlarda \u00f6nemli ticari f\u0131rsatlar sunuyor.<\/p>\n<p>DTO\u2019nun \u00c7in fuar organizasyonu, b\u00fcy\u00fck ilgi g\u00f6rd\u00fc<br \/>\n<br \/>Denizli\u2019den yola \u00e7\u0131kan DTO i\u015f insanlar\u0131 heyeti, fuar s\u00fcresince ba\u015fta Asya, Afrika ve G\u00fcney Amerika pazarlar\u0131ndan olmak \u00fczere \u00e7ok say\u0131da ithalat\u00e7\u0131 ve distrib\u00fct\u00f6r firma ile ikili i\u015f g\u00f6r\u00fc\u015fmeleri ger\u00e7ekle\u015ftirerek yeni ihracat ba\u011flant\u0131lar\u0131n\u0131n temellerini att\u0131. Ayr\u0131ca kat\u0131l\u0131mc\u0131lar, \u00fcr\u00fcn trendleri, fiyat rekabeti, tedarik zinciri dinamikleri ve alternatif \u00fcretim teknolojileri hakk\u0131nda da yerinde g\u00f6zlem yapma imk\u00e2n\u0131 buldu.<\/p>\n<p>&#8220;Fuar organizasyonlar\u0131m\u0131z, daha geni\u015f kat\u0131l\u0131mlar ile artarak s\u00fcrd\u00fcr\u00fclecek&#8221;<br \/>\n<br \/>Denizli Ticaret Odas\u0131 (DTO) Y\u00f6netim Kurulu Ba\u015fkan\u0131 U\u011fur Erdo\u011fan, \u00fcyelerinin yurt d\u0131\u015f\u0131 ticari a\u011flar\u0131n\u0131 g\u00fc\u00e7lendirme ve Denizli\u2019nin \u00fcretim kapasitesini uluslararas\u0131 platformda tan\u0131tma vizyonu do\u011frultusunda hayata ge\u00e7irdikleri organizasyonun, ortaya koyduklar\u0131 vizyoner yakla\u015f\u0131m ve \u00fcyelerin uluslararas\u0131 organizasyonlara kat\u0131l\u0131mlara verdi\u011fi g\u00fc\u00e7l\u00fc destek ile ger\u00e7ekle\u015ftirildi\u011fini ifade etti. Denizli Ticaret Odas\u0131\u2019n\u0131n bu alandaki ba\u015far\u0131l\u0131 \u00e7al\u0131\u015fmalar\u0131na \u00f6n\u00fcm\u00fczdeki g\u00fcnlerde yenilerini de ekleyece\u011fini kaydetti. Ba\u015fkan Erdo\u011fan, &#8220;Denizlili firmalar\u0131n k\u00fcresel rekabet g\u00fcc\u00fcn\u00fc art\u0131rma, yeni pazarlara eri\u015fim sa\u011flama ve ihracat odakl\u0131 b\u00fcy\u00fcme stratejilerine katk\u0131 sunma a\u00e7\u0131s\u0131ndan \u00f6nemli bir ad\u0131m daha att\u0131k. Benzer uluslararas\u0131 \u00e7aptaki organizasyonlar\u0131m\u0131z, yeni kat\u0131l\u0131mlarla \u00f6n\u00fcm\u00fczdeki s\u00fcre\u00e7te de say\u0131lar\u0131 art\u0131r\u0131larak ve kapsamlar\u0131 geni\u015fletilerek devam ettirilecek&#8221; dedi.<br \/><\/p>\n","protected":false},"excerpt":{"rendered":"<p>Denizli Ticaret Odas\u0131 (DTO), Denizli i\u015f d\u00fcnyas\u0131n\u0131n uluslararas\u0131 ticaretteki etkinli\u011fini art\u0131rmaya y\u00f6nelik \u00f6nemli bir organizasyona daha imza att\u0131. \u00dcyelerinden in\u015faat, dekorasyon, mobilya, in\u015faat malzemeleri, banyo gruplar\u0131 ve z\u00fcccaciye sekt\u00f6rlerinde faaliyet g\u00f6steren 32 firman\u0131n temsilcilerinden olu\u015fan b\u00fcy\u00fck bir heyet ile, \u00c7in Halk Cumhuriyeti\u2019nin Guangzhou kentinde 139.\u2019su ger\u00e7ekle\u015ftirilen Canton Fuar\u0131na kat\u0131ld\u0131. D\u00fcnyan\u0131n en b\u00fcy\u00fck genel ticaret fuarlar\u0131ndan&#8230;<\/p>\n","protected":false},"author":1,"featured_media":99372,"comment_status":"open","ping_status":"open","sticky":false,"template":"","format":"standard","meta":{"_crdt_document":"","footnotes":""},"categories":[125],"tags":[],"class_list":["post-99371","post","type-post","status-publish","format-standard","has-post-thumbnail","hentry","category-ekonomi"],"_links":{"self":[{"href":"https:\/\/www.egemtv.com\/index.php?rest_route=\/wp\/v2\/posts\/99371","targetHints":{"allow":["GET"]}}],"collection":[{"href":"https:\/\/www.egemtv.com\/index.php?rest_route=\/wp\/v2\/posts"}],"about":[{"href":"https:\/\/www.egemtv.com\/index.php?rest_route=\/wp\/v2\/types\/post"}],"author":[{"embeddable":true,"href":"https:\/\/www.egemtv.com\/index.php?rest_route=\/wp\/v2\/users\/1"}],"replies":[{"embeddable":true,"href":"https:\/\/www.egemtv.com\/index.php?rest_route=%2Fwp%2Fv2%2Fcomments&post=99371"}],"version-history":[{"count":1,"href":"https:\/\/www.egemtv.com\/index.php?rest_route=\/wp\/v2\/posts\/99371\/revisions"}],"predecessor-version":[{"id":99373,"href":"https:\/\/www.egemtv.com\/index.php?rest_route=\/wp\/v2\/posts\/99371\/revisions\/99373"}],"wp:featuredmedia":[{"embeddable":true,"href":"https:\/\/www.egemtv.com\/index.php?rest_route=\/wp\/v2\/media\/99372"}],"wp:attachment":[{"href":"https:\/\/www.egemtv.com\/index.php?rest_route=%2Fwp%2Fv2%2Fmedia&parent=99371"}],"wp:term":[{"taxonomy":"category","embeddable":true,"href":"https:\/\/www.egemtv.com\/index.php?rest_route=%2Fwp%2Fv2%2Fcategories&post=99371"},{"taxonomy":"post_tag","embeddable":true,"href":"https:\/\/www.egemtv.com\/index.php?rest_route=%2Fwp%2Fv2%2Ftags&post=99371"}],"curies":[{"name":"wp","href":"https:\/\/api.w.org\/{rel}","templated":true}]}}