{"id":99368,"date":"2026-04-27T16:30:49","date_gmt":"2026-04-27T13:30:49","guid":{"rendered":"https:\/\/www.egemtv.com\/?p=99368"},"modified":"2026-04-27T16:30:51","modified_gmt":"2026-04-27T13:30:51","slug":"astim-osb-baskani-maras-isyan-etti","status":"publish","type":"post","link":"https:\/\/www.egemtv.com\/?p=99368","title":{"rendered":"AST\u0130M OSB Ba\u015fkan\u0131 Mara\u015f, isyan etti"},"content":{"rendered":"<p>Ayd\u0131n AST\u0130M OSB Y\u00f6netim Kurulu Ba\u015fkan\u0131 G\u00f6khan Mara\u015f, yapt\u0131\u011f\u0131 bas\u0131n a\u00e7\u0131klamas\u0131 ile baz\u0131 ki\u015fi ve gruplar taraf\u0131ndan bilin\u00e7li olarak Ayd\u0131n\u2019\u0131n ad\u0131n\u0131n s\u00fcrekli kirletilmeye \u00e7al\u0131\u015f\u0131ld\u0131\u011f\u0131n\u0131 iddia etti. \u00d6nceki g\u00fcn Ayd\u0131n Tepecik\u2019te polisin yapt\u0131\u011f\u0131 bir uyu\u015fturucu operasyonunun baz\u0131 yay\u0131n organlar\u0131 taraf\u0131ndan sanki AST\u0130M OSB\u2019de ger\u00e7ekle\u015ftirilmi\u015f gibi servis edilmesinin \u015fa\u015fk\u0131nl\u0131\u011f\u0131n\u0131 ya\u015fad\u0131klar\u0131n\u0131 kaydeden Mara\u015f, &#8220;Baz\u0131lar\u0131 ki\u015fisel h\u0131rslar\u0131 u\u011fruna t\u00fcm Ayd\u0131n\u2019a zarar veriyor&#8221; dedi. .<br \/>\n<br \/>Sadece AST\u0130M OSB\u2019de \u015fu anda faaliyet g\u00f6steren 153 kat\u0131l\u0131mc\u0131 firma ile yakla\u015f\u0131k 7 bin ki\u015finin direk 25 bin ki\u015finin de dolayl\u0131 olarak ekmek yedi\u011fini belirten Ba\u015fkan Mara\u015f, &#8220;Maalesef baz\u0131 mihraklar kas\u0131tl\u0131 olarak bu \u015fehrin marka de\u011ferine zarar vermeye ba\u015flad\u0131. Nas\u0131l bir zihniyetle bunlar yap\u0131l\u0131yor anlam veremiyorum. Halk\u0131n haber alma ve bas\u0131n\u0131n haber yapma \u00f6zg\u00fcrl\u00fc\u011f\u00fcne sonsuz sayg\u0131m\u0131z var. Ama, Tepecik\u2019te ya\u015fanan bir olay\u0131n sanki AST\u0130M\u2019de ya\u015fan\u0131yormu\u015f gibi haberle\u015ftirilmesinin \u015fehrimiz Ayd\u0131n\u2019a ve insanlar\u0131m\u0131za  ne faydas\u0131 olabilir&#8221; diyerek Ayd\u0131n\u2019da \u00fcretim yap\u0131p katma de\u011fer \u00fcreten ki\u015fi ve kurumlar\u0131n baz\u0131 mihraklarca y\u0131prat\u0131lmak istendi\u011fini ileri s\u00fcrd\u00fc.<br \/>\n<br \/>Ayd\u0131n AST\u0130M OSB Y\u00f6netim Kurulu Ba\u015fkan\u0131 G\u00f6khan Mara\u015f, konuyla ilgili a\u00e7\u0131klamas\u0131n\u0131n devam\u0131nda, &#8220;Baz\u0131 bas\u0131n yay\u0131n organlar\u0131 ve sosyal medya mecralar\u0131nda, Ayd\u0131n \u0130l Emniyet M\u00fcd\u00fcrl\u00fc\u011f\u00fc taraf\u0131ndan ger\u00e7ekle\u015ftirilen bir operasyona ili\u015fkin haberlerde, olay yerinin ger\u00e7e\u011fe ayk\u0131r\u0131 \u015fekilde &#8220;AST\u0130M OSB&#8221; olarak ifade edildi\u011fi g\u00f6r\u00fclmektedir. Resmi makamlarca a\u00e7\u0131k\u00e7a Tepecik Mahallesi olarak belirtilen bir olay\u0131n farkl\u0131 bir lokasyonla ili\u015fkilendirilmesi; hem kamuoyunun yanl\u0131\u015f bilgilendirilmesine neden olmakta hem de y\u00f6neticisi oldu\u011fum Ayd\u0131n AST\u0130M Organize Sanayi B\u00f6lgesi\u2019ni haks\u0131z \u015fekilde g\u00fcndeme getirmektedir&#8221; diyerek baz\u0131lar\u0131n\u0131n kas\u0131tl\u0131 olarak Ayd\u0131n\u2019\u0131n marka de\u011ferine zarar verdi\u011fini AST\u0130M OSB olarak bu y\u00f6nde hukuki olarak m\u00fccadele vereceklerini a\u00e7\u0131klad\u0131.<br \/><\/p>\n","protected":false},"excerpt":{"rendered":"<p>Ayd\u0131n AST\u0130M OSB Y\u00f6netim Kurulu Ba\u015fkan\u0131 G\u00f6khan Mara\u015f, yapt\u0131\u011f\u0131 bas\u0131n a\u00e7\u0131klamas\u0131 ile baz\u0131 ki\u015fi ve gruplar taraf\u0131ndan bilin\u00e7li olarak Ayd\u0131n\u2019\u0131n ad\u0131n\u0131n s\u00fcrekli kirletilmeye \u00e7al\u0131\u015f\u0131ld\u0131\u011f\u0131n\u0131 iddia etti. \u00d6nceki g\u00fcn Ayd\u0131n Tepecik\u2019te polisin yapt\u0131\u011f\u0131 bir uyu\u015fturucu operasyonunun baz\u0131 yay\u0131n organlar\u0131 taraf\u0131ndan sanki AST\u0130M OSB\u2019de ger\u00e7ekle\u015ftirilmi\u015f gibi servis edilmesinin \u015fa\u015fk\u0131nl\u0131\u011f\u0131n\u0131 ya\u015fad\u0131klar\u0131n\u0131 kaydeden Mara\u015f, &#8220;Baz\u0131lar\u0131 ki\u015fisel h\u0131rslar\u0131 u\u011fruna t\u00fcm&#8230;<\/p>\n","protected":false},"author":1,"featured_media":99369,"comment_status":"open","ping_status":"open","sticky":false,"template":"","format":"standard","meta":{"_crdt_document":"","footnotes":""},"categories":[125],"tags":[],"class_list":["post-99368","post","type-post","status-publish","format-standard","has-post-thumbnail","hentry","category-ekonomi"],"_links":{"self":[{"href":"https:\/\/www.egemtv.com\/index.php?rest_route=\/wp\/v2\/posts\/99368","targetHints":{"allow":["GET"]}}],"collection":[{"href":"https:\/\/www.egemtv.com\/index.php?rest_route=\/wp\/v2\/posts"}],"about":[{"href":"https:\/\/www.egemtv.com\/index.php?rest_route=\/wp\/v2\/types\/post"}],"author":[{"embeddable":true,"href":"https:\/\/www.egemtv.com\/index.php?rest_route=\/wp\/v2\/users\/1"}],"replies":[{"embeddable":true,"href":"https:\/\/www.egemtv.com\/index.php?rest_route=%2Fwp%2Fv2%2Fcomments&post=99368"}],"version-history":[{"count":1,"href":"https:\/\/www.egemtv.com\/index.php?rest_route=\/wp\/v2\/posts\/99368\/revisions"}],"predecessor-version":[{"id":99370,"href":"https:\/\/www.egemtv.com\/index.php?rest_route=\/wp\/v2\/posts\/99368\/revisions\/99370"}],"wp:featuredmedia":[{"embeddable":true,"href":"https:\/\/www.egemtv.com\/index.php?rest_route=\/wp\/v2\/media\/99369"}],"wp:attachment":[{"href":"https:\/\/www.egemtv.com\/index.php?rest_route=%2Fwp%2Fv2%2Fmedia&parent=99368"}],"wp:term":[{"taxonomy":"category","embeddable":true,"href":"https:\/\/www.egemtv.com\/index.php?rest_route=%2Fwp%2Fv2%2Fcategories&post=99368"},{"taxonomy":"post_tag","embeddable":true,"href":"https:\/\/www.egemtv.com\/index.php?rest_route=%2Fwp%2Fv2%2Ftags&post=99368"}],"curies":[{"name":"wp","href":"https:\/\/api.w.org\/{rel}","templated":true}]}}