{"id":99362,"date":"2026-04-27T15:56:12","date_gmt":"2026-04-27T12:56:12","guid":{"rendered":"https:\/\/www.egemtv.com\/?p=99362"},"modified":"2026-04-27T15:56:14","modified_gmt":"2026-04-27T12:56:14","slug":"yasayan-festival-manisayi-dunya-vitrinine-tasidi","status":"publish","type":"post","link":"https:\/\/www.egemtv.com\/?p=99362","title":{"rendered":"&#8220;Ya\u015fayan Festival&#8221; Manisa\u2019y\u0131 d\u00fcnya vitrinine ta\u015f\u0131d\u0131"},"content":{"rendered":"<p>UNESCO \u0130nsanl\u0131\u011f\u0131n Somut Olmayan K\u00fclt\u00fcrel Miras\u0131 Listesi\u2019nde yer alan 486. Uluslararas\u0131 Manisa Mesir Macunu Festivali, 10 ton mesir macununun sa\u00e7\u0131ld\u0131\u011f\u0131 tarihi t\u00f6renle sona erdi. Bu y\u0131l &#8220;Ya\u015fayan Festival&#8221; slogan\u0131yla d\u00fczenlenen organizasyon, k\u00fclt\u00fcrden sanata, gastronomiden spora kadar geni\u015f kapsam\u0131yla Manisa tarihinin en b\u00fcy\u00fck etkinliklerinden biri olarak dikkat \u00e7ekti.<br \/>\n<br \/>21-26 Nisan tarihleri aras\u0131nda ger\u00e7ekle\u015ftirilen festival, Manisa\u2019y\u0131 hem yurt i\u00e7inden hem de yurt d\u0131\u015f\u0131ndan gelen ziyaret\u00e7ilerle bulu\u015fturdu. Manisa B\u00fcy\u00fck\u015fehir Belediye Ba\u015fkan\u0131 Besim Dutlulu\u2019nun \u00f6nc\u00fcl\u00fc\u011f\u00fcnde haz\u0131rlanan program kapsam\u0131nda kent, adeta g\u00fcnler boyunca a\u00e7\u0131k hava sahnesine d\u00f6n\u00fc\u015ft\u00fc.<br \/>\n<br \/>Festival s\u00fcresince Ulupark Gastronomi Arenas\u0131\u2019nda d\u00fczenlenen etkinlikler yo\u011fun ilgi g\u00f6rd\u00fc. Sanat\u00e7\u0131lar Erkan Can ve G\u00fcven K\u0131ra\u00e7 ile \u015fef Danilo Zanna\u2019n\u0131n kat\u0131ld\u0131\u011f\u0131 s\u00f6yle\u015filer, gastronomi tutkunlar\u0131n\u0131 bir araya getirirken, 5 bin ki\u015filik Manisa Bahar Pilav\u0131 ikram\u0131 renkli g\u00f6r\u00fcnt\u00fclere sahne oldu. Frida Kahlo\u2019nun G\u00fcnl\u00fckleri sergisi Ege B\u00f6lgesi\u2019nde ilk kez sanatseverlerle bulu\u015furken, tiyatro ve edebiyat etkinlikleri de festival program\u0131na damga vurdu.<br \/>\n<br \/>Spor etkinlikleri de festivalin \u00f6nemli par\u00e7alar\u0131ndan biri oldu. Spil Da\u011f\u0131\u2019nda ilk kez d\u00fczenlenen kamp etkinli\u011fi do\u011faseverleri bir araya getirirken, kent genelinde ger\u00e7ekle\u015ftirilen satran\u00e7, bri\u00e7 ve da\u011f bisikleti yar\u0131\u015fmalar\u0131 b\u00fcy\u00fck heyecan ya\u015fatt\u0131.<br \/>\n<br \/>Uluslararas\u0131 kat\u0131l\u0131m\u0131n da yo\u011fun oldu\u011fu festivalde, 12 farkl\u0131 \u00fclkeden gelen halk danslar\u0131 ekipleri ve delegasyonlar Manisa sokaklar\u0131n\u0131 k\u00fclt\u00fcr \u015f\u00f6lenine \u00e7evirdi.<br \/>\n<br \/>Festivalin finalinde ise as\u0131rlard\u0131r s\u00fcregelen gelenek ya\u015fat\u0131ld\u0131. Sultan Camii\u2019nin kubbe ve minarelerinden dualar e\u015fli\u011finde sa\u00e7\u0131lan 10 ton mesir macunu i\u00e7in on binlerce vatanda\u015f meydanlar\u0131 doldurdu. \u015eifa bulmak isteyen vatanda\u015flar mesir kapabilmek i\u00e7in yo\u011fun \u00e7aba harcad\u0131.<br \/>\n<br \/>Manisa B\u00fcy\u00fck\u015fehir Belediye Ba\u015fkan\u0131 Besim Dutlulu, festivalin kapsam\u0131n\u0131n her ge\u00e7en y\u0131l geni\u015fledi\u011fini belirterek, &#8220;Bu organizasyonu sadece bir sa\u00e7\u0131m t\u00f6reni olmaktan \u00e7\u0131kar\u0131p, sanat\u0131yla, gastronomisiyle ve sporuyla ya\u015fayan bir festivale d\u00f6n\u00fc\u015ft\u00fcrd\u00fck. Manisa\u2019n\u0131n k\u00fclt\u00fcrel ve turizm potansiyelini d\u00fcnyaya tan\u0131tmaya devam edece\u011fiz&#8221; dedi.<br \/><\/p>\n","protected":false},"excerpt":{"rendered":"<p>UNESCO \u0130nsanl\u0131\u011f\u0131n Somut Olmayan K\u00fclt\u00fcrel Miras\u0131 Listesi\u2019nde yer alan 486. Uluslararas\u0131 Manisa Mesir Macunu Festivali, 10 ton mesir macununun sa\u00e7\u0131ld\u0131\u011f\u0131 tarihi t\u00f6renle sona erdi. Bu y\u0131l &#8220;Ya\u015fayan Festival&#8221; slogan\u0131yla d\u00fczenlenen organizasyon, k\u00fclt\u00fcrden sanata, gastronomiden spora kadar geni\u015f kapsam\u0131yla Manisa tarihinin en b\u00fcy\u00fck etkinliklerinden biri olarak dikkat \u00e7ekti. 21-26 Nisan tarihleri aras\u0131nda ger\u00e7ekle\u015ftirilen festival, Manisa\u2019y\u0131 hem&#8230;<\/p>\n","protected":false},"author":1,"featured_media":99363,"comment_status":"open","ping_status":"open","sticky":false,"template":"","format":"standard","meta":{"_crdt_document":"","footnotes":""},"categories":[1],"tags":[],"class_list":["post-99362","post","type-post","status-publish","format-standard","has-post-thumbnail","hentry","category-guncel"],"_links":{"self":[{"href":"https:\/\/www.egemtv.com\/index.php?rest_route=\/wp\/v2\/posts\/99362","targetHints":{"allow":["GET"]}}],"collection":[{"href":"https:\/\/www.egemtv.com\/index.php?rest_route=\/wp\/v2\/posts"}],"about":[{"href":"https:\/\/www.egemtv.com\/index.php?rest_route=\/wp\/v2\/types\/post"}],"author":[{"embeddable":true,"href":"https:\/\/www.egemtv.com\/index.php?rest_route=\/wp\/v2\/users\/1"}],"replies":[{"embeddable":true,"href":"https:\/\/www.egemtv.com\/index.php?rest_route=%2Fwp%2Fv2%2Fcomments&post=99362"}],"version-history":[{"count":1,"href":"https:\/\/www.egemtv.com\/index.php?rest_route=\/wp\/v2\/posts\/99362\/revisions"}],"predecessor-version":[{"id":99364,"href":"https:\/\/www.egemtv.com\/index.php?rest_route=\/wp\/v2\/posts\/99362\/revisions\/99364"}],"wp:featuredmedia":[{"embeddable":true,"href":"https:\/\/www.egemtv.com\/index.php?rest_route=\/wp\/v2\/media\/99363"}],"wp:attachment":[{"href":"https:\/\/www.egemtv.com\/index.php?rest_route=%2Fwp%2Fv2%2Fmedia&parent=99362"}],"wp:term":[{"taxonomy":"category","embeddable":true,"href":"https:\/\/www.egemtv.com\/index.php?rest_route=%2Fwp%2Fv2%2Fcategories&post=99362"},{"taxonomy":"post_tag","embeddable":true,"href":"https:\/\/www.egemtv.com\/index.php?rest_route=%2Fwp%2Fv2%2Ftags&post=99362"}],"curies":[{"name":"wp","href":"https:\/\/api.w.org\/{rel}","templated":true}]}}