{"id":99359,"date":"2026-04-27T15:56:08","date_gmt":"2026-04-27T12:56:08","guid":{"rendered":"https:\/\/www.egemtv.com\/?p=99359"},"modified":"2026-04-27T15:56:12","modified_gmt":"2026-04-27T12:56:12","slug":"denizlide-29-nisan-dunya-dans-gunune-ozel-kutlama","status":"publish","type":"post","link":"https:\/\/www.egemtv.com\/?p=99359","title":{"rendered":"Denizli\u2019de 29 Nisan D\u00fcnya Dans G\u00fcn\u00fc\u2019ne \u00f6zel kutlama"},"content":{"rendered":"<p>Denizli B\u00fcy\u00fck\u015fehir Belediyesi, 29 Nisan D\u00fcnya Dans G\u00fcn\u00fc kapsam\u0131nda kad\u0131nlara \u00f6zel muhte\u015fem bir organizasyona imza at\u0131yor. &#8220;Aerobik ve Salla Turka&#8221; g\u00f6sterilerinin yer alaca\u011f\u0131 etkinlikte Denizlili kad\u0131nlar, hem spor yapacak hem de dans\u0131n ritmiyle stres atacak.<\/p>\n<p>Denizli\u2019de sosyal ve k\u00fclt\u00fcrel belediyecilik anlay\u0131\u015f\u0131yla projelerine devam eden Denizli B\u00fcy\u00fck\u015fehir Belediyesi, sa\u011fl\u0131kl\u0131 ya\u015fam\u0131 e\u011flenceyle bulu\u015fturmaya devam ediyor. 29 Nisan D\u00fcnya Dans G\u00fcn\u00fc dolay\u0131s\u0131yla d\u00fczenlenecek olan \u00f6zel etkinlikte, \u015fehrin kad\u0131nlar\u0131 bir araya gelerek dans\u0131n ve hareketin enerjisini payla\u015facak.<\/p>\n<p>Ritim ve hareket bir arada<br \/>\n<br \/>29 Nisan \u00c7ar\u015famba g\u00fcn\u00fc saat 18.00\u2019de Albayrak Geleneksel Spor Oyunlar\u0131 Kompleksi\u2019nde ger\u00e7ekle\u015ftirilecek olan etkinlikte, sevilen e\u011fitmenler Hasan K\u0131l\u0131n\u00e7er ve H\u00fcseyin Ayaz sahne alacak. Kat\u0131l\u0131mc\u0131lar, uzman e\u011fitmenler e\u015fli\u011finde y\u00fcksek enerjili aerobik seans\u0131n\u0131n ard\u0131ndan, geleneksel ritimlerin modern ad\u0131mlarla harmanland\u0131\u011f\u0131 &#8220;Salla Turka&#8221; g\u00f6sterisiyle keyif dolu anlar ya\u015fayacak. \u00dccretsiz olarak ger\u00e7ekle\u015ftirilecek organizasyonla; kad\u0131nlar\u0131n spora te\u015fvik edilmesi, sosyalle\u015fmesi ve D\u00fcnya Dans G\u00fcn\u00fc\u2019n\u00fcn co\u015fkusunu hep birlikte ya\u015famas\u0131 hedefleniyor.<br \/><\/p>\n","protected":false},"excerpt":{"rendered":"<p>Denizli B\u00fcy\u00fck\u015fehir Belediyesi, 29 Nisan D\u00fcnya Dans G\u00fcn\u00fc kapsam\u0131nda kad\u0131nlara \u00f6zel muhte\u015fem bir organizasyona imza at\u0131yor. &#8220;Aerobik ve Salla Turka&#8221; g\u00f6sterilerinin yer alaca\u011f\u0131 etkinlikte Denizlili kad\u0131nlar, hem spor yapacak hem de dans\u0131n ritmiyle stres atacak. Denizli\u2019de sosyal ve k\u00fclt\u00fcrel belediyecilik anlay\u0131\u015f\u0131yla projelerine devam eden Denizli B\u00fcy\u00fck\u015fehir Belediyesi, sa\u011fl\u0131kl\u0131 ya\u015fam\u0131 e\u011flenceyle bulu\u015fturmaya devam ediyor. 29 Nisan&#8230;<\/p>\n","protected":false},"author":1,"featured_media":99360,"comment_status":"open","ping_status":"open","sticky":false,"template":"","format":"standard","meta":{"_crdt_document":"","footnotes":""},"categories":[1],"tags":[],"class_list":["post-99359","post","type-post","status-publish","format-standard","has-post-thumbnail","hentry","category-guncel"],"_links":{"self":[{"href":"https:\/\/www.egemtv.com\/index.php?rest_route=\/wp\/v2\/posts\/99359","targetHints":{"allow":["GET"]}}],"collection":[{"href":"https:\/\/www.egemtv.com\/index.php?rest_route=\/wp\/v2\/posts"}],"about":[{"href":"https:\/\/www.egemtv.com\/index.php?rest_route=\/wp\/v2\/types\/post"}],"author":[{"embeddable":true,"href":"https:\/\/www.egemtv.com\/index.php?rest_route=\/wp\/v2\/users\/1"}],"replies":[{"embeddable":true,"href":"https:\/\/www.egemtv.com\/index.php?rest_route=%2Fwp%2Fv2%2Fcomments&post=99359"}],"version-history":[{"count":1,"href":"https:\/\/www.egemtv.com\/index.php?rest_route=\/wp\/v2\/posts\/99359\/revisions"}],"predecessor-version":[{"id":99361,"href":"https:\/\/www.egemtv.com\/index.php?rest_route=\/wp\/v2\/posts\/99359\/revisions\/99361"}],"wp:featuredmedia":[{"embeddable":true,"href":"https:\/\/www.egemtv.com\/index.php?rest_route=\/wp\/v2\/media\/99360"}],"wp:attachment":[{"href":"https:\/\/www.egemtv.com\/index.php?rest_route=%2Fwp%2Fv2%2Fmedia&parent=99359"}],"wp:term":[{"taxonomy":"category","embeddable":true,"href":"https:\/\/www.egemtv.com\/index.php?rest_route=%2Fwp%2Fv2%2Fcategories&post=99359"},{"taxonomy":"post_tag","embeddable":true,"href":"https:\/\/www.egemtv.com\/index.php?rest_route=%2Fwp%2Fv2%2Ftags&post=99359"}],"curies":[{"name":"wp","href":"https:\/\/api.w.org\/{rel}","templated":true}]}}