{"id":99356,"date":"2026-04-27T15:20:45","date_gmt":"2026-04-27T12:20:45","guid":{"rendered":"https:\/\/www.egemtv.com\/?p=99356"},"modified":"2026-04-27T15:20:46","modified_gmt":"2026-04-27T12:20:46","slug":"cumhurbaskanligi-61-turkiye-bisiklet-turu-yatagandan-gecti","status":"publish","type":"post","link":"https:\/\/www.egemtv.com\/?p=99356","title":{"rendered":"Cumhurba\u015fkanl\u0131\u011f\u0131 61. T\u00fcrkiye Bisiklet Turu Yata\u011fan\u2019dan ge\u00e7ti"},"content":{"rendered":"<p>T\u00fcrkiye\u2019nin en prestijli spor organizasyonlar\u0131ndan biri olan Cumhurba\u015fkanl\u0131\u011f\u0131 T\u00fcrkiye Bisiklet Turu\u2019nun 61. y\u0131l\u0131 kapsam\u0131nda d\u00fczenlenen yar\u0131\u015f\u0131n 2. etab\u0131 olan Ayd\u0131n-Marmaris parkurunda pedallar \u00e7evrildi. Etap kapsam\u0131nda uluslararas\u0131 bisiklet\u00e7iler Yata\u011fan\u2019dan ge\u00e7erek il\u00e7ede renkli g\u00f6r\u00fcnt\u00fcler olu\u015fturdu.<br \/>\n<br \/>Saat 14.30 s\u0131ralar\u0131nda il\u00e7eden ge\u00e7en sporcular\u0131, yol kenarlar\u0131nda toplanan vatanda\u015flar ve \u00f6\u011frenciler b\u00fcy\u00fck bir ilgiyle kar\u015f\u0131lad\u0131. Ellerinde T\u00fcrk bayraklar\u0131yla sporculara destek veren vatanda\u015flar, yar\u0131\u015f heyecan\u0131n\u0131 co\u015fkuyla ya\u015fad\u0131. D\u00fcnyan\u0131n farkl\u0131 \u00fclkelerinden gelen profesyonel bisiklet\u00e7ilerin yer ald\u0131\u011f\u0131 organizasyon, hem sporcular\u0131n performans\u0131 hem de g\u00fczergah boyunca olu\u015fan yo\u011fun ilgiyle dikkat \u00e7ekti. Yetkililer, organizasyonun sorunsuz bir \u015fekilde ilerlemesi i\u00e7in gerekli t\u00fcm \u00f6nlemlerin al\u0131nd\u0131\u011f\u0131n\u0131 belirtirken, yar\u0131\u015f\u0131n b\u00f6lge tan\u0131t\u0131m\u0131na da \u00f6nemli katk\u0131 sa\u011flad\u0131\u011f\u0131 ifade edildi.<br \/><\/p>\n","protected":false},"excerpt":{"rendered":"<p>T\u00fcrkiye\u2019nin en prestijli spor organizasyonlar\u0131ndan biri olan Cumhurba\u015fkanl\u0131\u011f\u0131 T\u00fcrkiye Bisiklet Turu\u2019nun 61. y\u0131l\u0131 kapsam\u0131nda d\u00fczenlenen yar\u0131\u015f\u0131n 2. etab\u0131 olan Ayd\u0131n-Marmaris parkurunda pedallar \u00e7evrildi. Etap kapsam\u0131nda uluslararas\u0131 bisiklet\u00e7iler Yata\u011fan\u2019dan ge\u00e7erek il\u00e7ede renkli g\u00f6r\u00fcnt\u00fcler olu\u015fturdu. Saat 14.30 s\u0131ralar\u0131nda il\u00e7eden ge\u00e7en sporcular\u0131, yol kenarlar\u0131nda toplanan vatanda\u015flar ve \u00f6\u011frenciler b\u00fcy\u00fck bir ilgiyle kar\u015f\u0131lad\u0131. Ellerinde T\u00fcrk bayraklar\u0131yla sporculara destek veren&#8230;<\/p>\n","protected":false},"author":1,"featured_media":99357,"comment_status":"open","ping_status":"open","sticky":false,"template":"","format":"standard","meta":{"_crdt_document":"","footnotes":""},"categories":[4],"tags":[],"class_list":["post-99356","post","type-post","status-publish","format-standard","has-post-thumbnail","hentry","category-spor"],"_links":{"self":[{"href":"https:\/\/www.egemtv.com\/index.php?rest_route=\/wp\/v2\/posts\/99356","targetHints":{"allow":["GET"]}}],"collection":[{"href":"https:\/\/www.egemtv.com\/index.php?rest_route=\/wp\/v2\/posts"}],"about":[{"href":"https:\/\/www.egemtv.com\/index.php?rest_route=\/wp\/v2\/types\/post"}],"author":[{"embeddable":true,"href":"https:\/\/www.egemtv.com\/index.php?rest_route=\/wp\/v2\/users\/1"}],"replies":[{"embeddable":true,"href":"https:\/\/www.egemtv.com\/index.php?rest_route=%2Fwp%2Fv2%2Fcomments&post=99356"}],"version-history":[{"count":1,"href":"https:\/\/www.egemtv.com\/index.php?rest_route=\/wp\/v2\/posts\/99356\/revisions"}],"predecessor-version":[{"id":99358,"href":"https:\/\/www.egemtv.com\/index.php?rest_route=\/wp\/v2\/posts\/99356\/revisions\/99358"}],"wp:featuredmedia":[{"embeddable":true,"href":"https:\/\/www.egemtv.com\/index.php?rest_route=\/wp\/v2\/media\/99357"}],"wp:attachment":[{"href":"https:\/\/www.egemtv.com\/index.php?rest_route=%2Fwp%2Fv2%2Fmedia&parent=99356"}],"wp:term":[{"taxonomy":"category","embeddable":true,"href":"https:\/\/www.egemtv.com\/index.php?rest_route=%2Fwp%2Fv2%2Fcategories&post=99356"},{"taxonomy":"post_tag","embeddable":true,"href":"https:\/\/www.egemtv.com\/index.php?rest_route=%2Fwp%2Fv2%2Ftags&post=99356"}],"curies":[{"name":"wp","href":"https:\/\/api.w.org\/{rel}","templated":true}]}}