{"id":99353,"date":"2026-04-27T15:20:44","date_gmt":"2026-04-27T12:20:44","guid":{"rendered":"https:\/\/www.egemtv.com\/?p=99353"},"modified":"2026-04-27T15:20:45","modified_gmt":"2026-04-27T12:20:45","slug":"kendini-ve-sevdiklerini-korumak-icin-asilan","status":"publish","type":"post","link":"https:\/\/www.egemtv.com\/?p=99353","title":{"rendered":"Kendini ve sevdiklerini korumak i\u00e7in a\u015f\u0131lan"},"content":{"rendered":"<p>D\u00fcnya A\u015f\u0131 Haftas\u0131nda a\u015f\u0131n\u0131n \u00f6nemine dikkat \u00e7eken Denizli \u0130l Sa\u011fl\u0131k M\u00fcd\u00fcr\u00fc Uz. Dr. Berna \u00d6zt\u00fcrk, a\u015f\u0131laman\u0131n her y\u0131l milyonlarca insan\u0131n hayat\u0131n\u0131 kurtaran en ba\u015far\u0131l\u0131, etkili ve d\u00fc\u015f\u00fck maliyetli sa\u011fl\u0131k m\u00fcdahalelerinden birisi oldu\u011funu belirtti.<\/p>\n<p>D\u00fcnya Sa\u011fl\u0131k \u00d6rg\u00fct\u00fc (DS\u00d6)  taraf\u0131ndan bu y\u0131l &#8220;Her Nesilde A\u015f\u0131lar \u0130\u015fe Yar\u0131yor&#8221; temas\u0131yla kutlanan D\u00fcnya A\u015f\u0131 Haftas\u0131\u2019n\u0131n, ba\u011f\u0131\u015f\u0131klaman\u0131n bireyler ve toplumlar \u00fczerindeki hayati rol\u00fcn\u00fc bir kez daha hat\u0131rlatt\u0131\u011f\u0131n\u0131 belirten \u0130l Sa\u011fl\u0131k M\u00fcd\u00fcr\u00fc Uz. Dr. Berna \u00d6zt\u00fcrk, a\u015f\u0131n\u0131n sadece bireysel de\u011fil toplumsal bir koruma sa\u011flad\u0131\u011f\u0131n\u0131 vurgulad\u0131. A\u015f\u0131lama hizmetlerinin toplum sa\u011fl\u0131\u011f\u0131 a\u00e7\u0131s\u0131ndan hayati \u00f6neme sahip oldu\u011funu belirten \u00d6zt\u00fcrk; &#8220;Her y\u0131l Nisan ay\u0131n\u0131n son haftas\u0131nda kutlanan A\u015f\u0131 Haftas\u0131\u2019n\u0131n amac\u0131, a\u015f\u0131laman\u0131n \u00f6nemi hakk\u0131nda toplumsal fark\u0131ndal\u0131\u011f\u0131 art\u0131rmak ve daha fazla \u00e7ocu\u011fun ve yeti\u015fkinin a\u015f\u0131yla \u00f6nlenebilir hastal\u0131klardan korunmas\u0131n\u0131, bu hastal\u0131klardan kaynaklanan sekellerin ve \u00f6l\u00fcmlerin \u00f6nlenmesini sa\u011flamakt\u0131r. Bu y\u0131lki A\u015f\u0131 Haftas\u0131\u2019n\u0131n DS\u00d6 taraf\u0131ndan belirlenen \u2018Her nesilde a\u015f\u0131lar i\u015fe yar\u0131yor\u2019 temas\u0131 ile a\u015f\u0131lar\u0131n; nesiller boyunca bireylerin, ailelerin, toplumlar\u0131n sa\u011fl\u0131\u011f\u0131n\u0131 korudu\u011fu ve gelece\u011fimizi g\u00fcvence alt\u0131na ald\u0131\u011f\u0131 belirtilmektedir. A\u015f\u0131lar sayesinde ge\u00e7mi\u015fte b\u00fcy\u00fck salg\u0131nlara ve \u00f6l\u00fcmlere yol a\u00e7an pek \u00e7ok hastal\u0131k g\u00fcn\u00fcm\u00fczde ya tamamen ortadan kald\u0131r\u0131lm\u0131\u015f ya da kontrol alt\u0131na al\u0131nm\u0131\u015ft\u0131r. A\u015f\u0131lama \u00e7al\u0131\u015fmalar\u0131, yaln\u0131zca bireyleri de\u011fil, toplumun tamam\u0131n\u0131 koruyan g\u00fc\u00e7l\u00fc bir kalkan g\u00f6revi g\u00f6rmektedir. Bu nedenle her ya\u015ftan bireyin a\u015f\u0131 takvimine uygun \u015fekilde a\u015f\u0131lar\u0131n\u0131 yapt\u0131rmas\u0131 b\u00fcy\u00fck \u00f6nem ta\u015f\u0131maktad\u0131r&#8221; diye konu\u015ftu.<\/p>\n<p>&#8220;A\u015f\u0131 hayat\u0131 korur; kendini ve sevdiklerini korumak i\u00e7in a\u015f\u0131lan&#8221;<br \/>\n<br \/>\u0130l Sa\u011fl\u0131k M\u00fcd\u00fcr\u00fc Uz. Dr. Berna \u00d6zt\u00fcrk, T\u00fcrkiye\u2019de uzun y\u0131llard\u0131r ba\u015far\u0131yla s\u00fcrd\u00fcr\u00fclen Geni\u015fletilmi\u015f Ba\u011f\u0131\u015f\u0131klama Program\u0131 kapsam\u0131nda \u00e7ocukluk d\u00f6neminde bir\u00e7ok hastal\u0131\u011fa kar\u015f\u0131 \u00fccretsiz a\u015f\u0131 uyguland\u0131\u011f\u0131n\u0131 vurgulad\u0131. D\u00fcnya genelinde baz\u0131 hastal\u0131klar\u0131n tamamen yok edilme a\u015famas\u0131na geldi\u011fini hat\u0131rlatan \u00d6zt\u00fcrk, ancak baz\u0131 hastal\u0131klar\u0131n h\u00e2l\u00e2 risk olu\u015fturmaya devam etti\u011fini s\u00f6yledi ve \u015f\u00f6yle konu\u015ftu: &#8220;\u00dclkemizde 1981 y\u0131l\u0131ndan buyana Geni\u015fletilmi\u015f Ba\u011f\u0131\u015f\u0131klama Program\u0131 ve \u00e7ocukluk \u00e7a\u011f\u0131 a\u015f\u0131 takviminde 13 hastal\u0131\u011fa kar\u015f\u0131 (Difteri, Bo\u011fmaca, Tetanos, K\u0131zam\u0131k, K\u0131zam\u0131k\u00e7\u0131k, Kabakulak, T\u00fcberk\u00fcloz, \u00c7ocuk  Felci, Hepatit-B, Hepatit-A, Su\u00e7i\u00e7e\u011fi, Haemophilus \u0130nfluenzae, Tip B ve Pn\u00f6mokoka Ba\u011fl\u0131 Hastal\u0131klar) a\u015f\u0131 uygulanmaktad\u0131r. \u0130limizde 2025 y\u0131l\u0131nda Geni\u015fletilmi\u015f Ba\u011f\u0131\u015f\u0131klama Program\u0131 kapsam\u0131nda yakla\u015f\u0131k 340 bin doz a\u015f\u0131 uygulanm\u0131\u015ft\u0131r.  \u0130nsanl\u0131k tarihinde b\u00fcy\u00fck salg\u0131nlara ve \u00f6l\u00fcmlere yol a\u00e7an pek \u00e7ok hastal\u0131k g\u00fcn\u00fcm\u00fczde a\u015f\u0131lama sayesinde g\u00f6r\u00fclmemektedir. A\u015f\u0131 sadece bebek ve \u00e7ocuklar\u0131n de\u011fil, yeti\u015fkinler, risk grubu hastal\u0131klara sahip ki\u015filer (Diabet, KOAH, Ast\u0131m, \u0130mm\u00fcn Yetmezlik, kanser, vb), baz\u0131 meslek gruplar\u0131, tetanos riskli yaralanmalar, kuduz riskli \u0131s\u0131r\u0131klar ve gebeler i\u00e7in de b\u00fcy\u00fck bir \u00f6nem ta\u015f\u0131maktad\u0131r. A\u015f\u0131lama her birey i\u00e7in hayatt\u0131r, her bireyin sa\u011fl\u0131kl\u0131 ya\u015fama hakk\u0131 vard\u0131r. \u00c7ocuklar\u0131n\u0131 a\u015f\u0131latmak ebeveynlerin en \u00f6nemli sorumluluklar\u0131ndan biridir&#8221; dedi.<br \/><\/p>\n","protected":false},"excerpt":{"rendered":"<p>D\u00fcnya A\u015f\u0131 Haftas\u0131nda a\u015f\u0131n\u0131n \u00f6nemine dikkat \u00e7eken Denizli \u0130l Sa\u011fl\u0131k M\u00fcd\u00fcr\u00fc Uz. Dr. Berna \u00d6zt\u00fcrk, a\u015f\u0131laman\u0131n her y\u0131l milyonlarca insan\u0131n hayat\u0131n\u0131 kurtaran en ba\u015far\u0131l\u0131, etkili ve d\u00fc\u015f\u00fck maliyetli sa\u011fl\u0131k m\u00fcdahalelerinden birisi oldu\u011funu belirtti. D\u00fcnya Sa\u011fl\u0131k \u00d6rg\u00fct\u00fc (DS\u00d6) taraf\u0131ndan bu y\u0131l &#8220;Her Nesilde A\u015f\u0131lar \u0130\u015fe Yar\u0131yor&#8221; temas\u0131yla kutlanan D\u00fcnya A\u015f\u0131 Haftas\u0131\u2019n\u0131n, ba\u011f\u0131\u015f\u0131klaman\u0131n bireyler ve toplumlar \u00fczerindeki&#8230;<\/p>\n","protected":false},"author":1,"featured_media":99354,"comment_status":"open","ping_status":"open","sticky":false,"template":"","format":"standard","meta":{"_crdt_document":"","footnotes":""},"categories":[2],"tags":[],"class_list":["post-99353","post","type-post","status-publish","format-standard","has-post-thumbnail","hentry","category-saglik"],"_links":{"self":[{"href":"https:\/\/www.egemtv.com\/index.php?rest_route=\/wp\/v2\/posts\/99353","targetHints":{"allow":["GET"]}}],"collection":[{"href":"https:\/\/www.egemtv.com\/index.php?rest_route=\/wp\/v2\/posts"}],"about":[{"href":"https:\/\/www.egemtv.com\/index.php?rest_route=\/wp\/v2\/types\/post"}],"author":[{"embeddable":true,"href":"https:\/\/www.egemtv.com\/index.php?rest_route=\/wp\/v2\/users\/1"}],"replies":[{"embeddable":true,"href":"https:\/\/www.egemtv.com\/index.php?rest_route=%2Fwp%2Fv2%2Fcomments&post=99353"}],"version-history":[{"count":1,"href":"https:\/\/www.egemtv.com\/index.php?rest_route=\/wp\/v2\/posts\/99353\/revisions"}],"predecessor-version":[{"id":99355,"href":"https:\/\/www.egemtv.com\/index.php?rest_route=\/wp\/v2\/posts\/99353\/revisions\/99355"}],"wp:featuredmedia":[{"embeddable":true,"href":"https:\/\/www.egemtv.com\/index.php?rest_route=\/wp\/v2\/media\/99354"}],"wp:attachment":[{"href":"https:\/\/www.egemtv.com\/index.php?rest_route=%2Fwp%2Fv2%2Fmedia&parent=99353"}],"wp:term":[{"taxonomy":"category","embeddable":true,"href":"https:\/\/www.egemtv.com\/index.php?rest_route=%2Fwp%2Fv2%2Fcategories&post=99353"},{"taxonomy":"post_tag","embeddable":true,"href":"https:\/\/www.egemtv.com\/index.php?rest_route=%2Fwp%2Fv2%2Ftags&post=99353"}],"curies":[{"name":"wp","href":"https:\/\/api.w.org\/{rel}","templated":true}]}}