{"id":99350,"date":"2026-04-27T14:11:12","date_gmt":"2026-04-27T11:11:12","guid":{"rendered":"https:\/\/www.egemtv.com\/?p=99350"},"modified":"2026-04-27T14:11:13","modified_gmt":"2026-04-27T11:11:13","slug":"motosiklet-kazasinda-agir-yaralanan-19-yasindaki-genc-14-gunluk-yasam-mucadelesini-kaybetti","status":"publish","type":"post","link":"https:\/\/www.egemtv.com\/?p=99350","title":{"rendered":"Motosiklet kazas\u0131nda a\u011f\u0131r yaralanan 19 ya\u015f\u0131ndaki gen\u00e7 14 g\u00fcnl\u00fck ya\u015fam m\u00fccadelesini kaybetti"},"content":{"rendered":"<p>K\u00fctahya\u2019n\u0131n Alt\u0131nta\u015f il\u00e7esinde ge\u00e7irdi\u011fi motosiklet kazas\u0131nda a\u011f\u0131r yaralanan 19 ya\u015f\u0131ndaki Bedirhan Eren K\u00fcle\u015fen, 14 g\u00fcn s\u00fcren ya\u015fam m\u00fccadelesini kaybetti.<br \/>\n<br \/>Edinilen bilgilere g\u00f6re, 13 Nisan 2026 tarihinde meydana gelen kazada a\u011f\u0131r yaralanan K\u00fcle\u015fen, K\u00fctahya Evliya \u00c7elebi E\u011fitim ve Ara\u015ft\u0131rma Hastanesi\u2019nde tedavi alt\u0131na al\u0131nd\u0131. Yo\u011fun bak\u0131m \u00fcnitesinde tedavisi s\u00fcren gen\u00e7, doktorlar\u0131n t\u00fcm m\u00fcdahalelerine ra\u011fmen hayat\u0131n\u0131 kaybetti.<br \/>\n<br \/>Bedirhan Eren K\u00fcle\u015fen\u2019in cenazesinin, Alt\u0131nta\u015f il\u00e7esine ba\u011fl\u0131 Gecek k\u00f6y\u00fcnde \u00f6\u011fle namaz\u0131n\u0131 m\u00fcteakip k\u0131l\u0131nacak cenaze namaz\u0131n\u0131n ard\u0131ndan k\u00f6y mezarl\u0131\u011f\u0131nda topra\u011fa verilece\u011fi \u00f6\u011frenildi.<br \/><\/p>\n","protected":false},"excerpt":{"rendered":"<p>K\u00fctahya\u2019n\u0131n Alt\u0131nta\u015f il\u00e7esinde ge\u00e7irdi\u011fi motosiklet kazas\u0131nda a\u011f\u0131r yaralanan 19 ya\u015f\u0131ndaki Bedirhan Eren K\u00fcle\u015fen, 14 g\u00fcn s\u00fcren ya\u015fam m\u00fccadelesini kaybetti. Edinilen bilgilere g\u00f6re, 13 Nisan 2026 tarihinde meydana gelen kazada a\u011f\u0131r yaralanan K\u00fcle\u015fen, K\u00fctahya Evliya \u00c7elebi E\u011fitim ve Ara\u015ft\u0131rma Hastanesi\u2019nde tedavi alt\u0131na al\u0131nd\u0131. Yo\u011fun bak\u0131m \u00fcnitesinde tedavisi s\u00fcren gen\u00e7, doktorlar\u0131n t\u00fcm m\u00fcdahalelerine ra\u011fmen hayat\u0131n\u0131 kaybetti. Bedirhan&#8230;<\/p>\n","protected":false},"author":1,"featured_media":99351,"comment_status":"open","ping_status":"open","sticky":false,"template":"","format":"standard","meta":{"_crdt_document":"","footnotes":""},"categories":[5],"tags":[],"class_list":["post-99350","post","type-post","status-publish","format-standard","has-post-thumbnail","hentry","category-asayis"],"_links":{"self":[{"href":"https:\/\/www.egemtv.com\/index.php?rest_route=\/wp\/v2\/posts\/99350","targetHints":{"allow":["GET"]}}],"collection":[{"href":"https:\/\/www.egemtv.com\/index.php?rest_route=\/wp\/v2\/posts"}],"about":[{"href":"https:\/\/www.egemtv.com\/index.php?rest_route=\/wp\/v2\/types\/post"}],"author":[{"embeddable":true,"href":"https:\/\/www.egemtv.com\/index.php?rest_route=\/wp\/v2\/users\/1"}],"replies":[{"embeddable":true,"href":"https:\/\/www.egemtv.com\/index.php?rest_route=%2Fwp%2Fv2%2Fcomments&post=99350"}],"version-history":[{"count":1,"href":"https:\/\/www.egemtv.com\/index.php?rest_route=\/wp\/v2\/posts\/99350\/revisions"}],"predecessor-version":[{"id":99352,"href":"https:\/\/www.egemtv.com\/index.php?rest_route=\/wp\/v2\/posts\/99350\/revisions\/99352"}],"wp:featuredmedia":[{"embeddable":true,"href":"https:\/\/www.egemtv.com\/index.php?rest_route=\/wp\/v2\/media\/99351"}],"wp:attachment":[{"href":"https:\/\/www.egemtv.com\/index.php?rest_route=%2Fwp%2Fv2%2Fmedia&parent=99350"}],"wp:term":[{"taxonomy":"category","embeddable":true,"href":"https:\/\/www.egemtv.com\/index.php?rest_route=%2Fwp%2Fv2%2Fcategories&post=99350"},{"taxonomy":"post_tag","embeddable":true,"href":"https:\/\/www.egemtv.com\/index.php?rest_route=%2Fwp%2Fv2%2Ftags&post=99350"}],"curies":[{"name":"wp","href":"https:\/\/api.w.org\/{rel}","templated":true}]}}