{"id":99347,"date":"2026-04-27T14:11:10","date_gmt":"2026-04-27T11:11:10","guid":{"rendered":"https:\/\/www.egemtv.com\/?p=99347"},"modified":"2026-04-27T14:11:12","modified_gmt":"2026-04-27T11:11:12","slug":"cumhurbaskanligi-bisiklet-turunun-ikinci-etabi-aydindan-start-aldi","status":"publish","type":"post","link":"https:\/\/www.egemtv.com\/?p=99347","title":{"rendered":"Cumhurba\u015fkanl\u0131\u011f\u0131 Bisiklet Turu\u2019nun ikinci etab\u0131, Ayd\u0131n\u2019dan start ald\u0131"},"content":{"rendered":"<p>Bu y\u0131l 61.\u2019si ger\u00e7ekle\u015ftirilen Cumhurba\u015fkanl\u0131\u011f\u0131 T\u00fcrkiye Bisiklet Turu\u2019nun ikinci etab\u0131 Ayd\u0131n\u2019dan start al\u0131rken, 158 sporcu birincilik i\u00e7in 152,8 kilometre pedal \u00e7evirecek.<br \/>\n<br \/>61. Cumhurba\u015fkanl\u0131\u011f\u0131 T\u00fcrkiye Bisiklet Turu\u2019nun ikinci etab\u0131 olan 152,8 kilometrelik Ayd\u0131n-Marmaris parkurunun start\u0131 Efeler il\u00e7esi Malazgirt Meydan\u0131\u2019ndan verildi. 26 \u00fclkeden 23 tak\u0131m\u0131n yer ald\u0131\u011f\u0131 yar\u0131\u015fta toplam 158 sporcu birincilik i\u00e7in m\u00fccadele edecek. Ayd\u0131n\u2019\u0131n ilk kez etap ba\u015flang\u0131c\u0131na ev sahipli\u011fi yapt\u0131\u011f\u0131 organizasyonda, zorlu parkurlar\u0131n ard\u0131ndan sporcular Mu\u011fla\u2019n\u0131n Marmaris il\u00e7esine ula\u015facak. \u00c7ok say\u0131da yar\u0131\u015fseverin takip etti\u011fi Ayd\u0131n etab\u0131nda yar\u0131\u015f\u00e7\u0131lar, start \u00f6ncesinde d\u00fczenlenen seremonide tak\u0131mlar\u0131n\u0131n isimlerinin bulundu\u011fu hat\u0131ra tahtas\u0131na imzalar\u0131n\u0131 att\u0131lar. Turnuvada 27 sporcu ile \u0130talya en fazla sporcusu bulunan \u00fclke olurken, T\u00fcrkiye 22 sporcu ile ikinci s\u0131rada yer ald\u0131.<br \/>\n<br \/>23 tak\u0131m\u0131n ter d\u00f6kt\u00fc\u011f\u00fc Ayd\u0131n-Marmaris etab\u0131 kapsam\u0131nda sporcular, 44,3 kilometre sonra ihtiya\u00e7 molas\u0131 verebilecek. Start\u2019\u0131n verilmesinin ard\u0131ndan eskort e\u015fli\u011finde Ayd\u0131n\u2019dan \u00e7\u0131kan sporcular birincilik i\u00e7in toplamda 152,8 kilometre pedal \u00e7evirecek. 8 etaptan olu\u015fan 61. Cumhurba\u015fkanl\u0131\u011f\u0131 T\u00fcrkiye Bisiklet Turu\u2019nun bir sonraki etab\u0131 ise 132.7 kilometrelik Marmaris-K\u0131ran parkuru olacak.<br \/><\/p>\n","protected":false},"excerpt":{"rendered":"<p>Bu y\u0131l 61.\u2019si ger\u00e7ekle\u015ftirilen Cumhurba\u015fkanl\u0131\u011f\u0131 T\u00fcrkiye Bisiklet Turu\u2019nun ikinci etab\u0131 Ayd\u0131n\u2019dan start al\u0131rken, 158 sporcu birincilik i\u00e7in 152,8 kilometre pedal \u00e7evirecek. 61. Cumhurba\u015fkanl\u0131\u011f\u0131 T\u00fcrkiye Bisiklet Turu\u2019nun ikinci etab\u0131 olan 152,8 kilometrelik Ayd\u0131n-Marmaris parkurunun start\u0131 Efeler il\u00e7esi Malazgirt Meydan\u0131\u2019ndan verildi. 26 \u00fclkeden 23 tak\u0131m\u0131n yer ald\u0131\u011f\u0131 yar\u0131\u015fta toplam 158 sporcu birincilik i\u00e7in m\u00fccadele edecek. Ayd\u0131n\u2019\u0131n ilk&#8230;<\/p>\n","protected":false},"author":1,"featured_media":99348,"comment_status":"open","ping_status":"open","sticky":false,"template":"","format":"standard","meta":{"_crdt_document":"","footnotes":""},"categories":[4],"tags":[],"class_list":["post-99347","post","type-post","status-publish","format-standard","has-post-thumbnail","hentry","category-spor"],"_links":{"self":[{"href":"https:\/\/www.egemtv.com\/index.php?rest_route=\/wp\/v2\/posts\/99347","targetHints":{"allow":["GET"]}}],"collection":[{"href":"https:\/\/www.egemtv.com\/index.php?rest_route=\/wp\/v2\/posts"}],"about":[{"href":"https:\/\/www.egemtv.com\/index.php?rest_route=\/wp\/v2\/types\/post"}],"author":[{"embeddable":true,"href":"https:\/\/www.egemtv.com\/index.php?rest_route=\/wp\/v2\/users\/1"}],"replies":[{"embeddable":true,"href":"https:\/\/www.egemtv.com\/index.php?rest_route=%2Fwp%2Fv2%2Fcomments&post=99347"}],"version-history":[{"count":1,"href":"https:\/\/www.egemtv.com\/index.php?rest_route=\/wp\/v2\/posts\/99347\/revisions"}],"predecessor-version":[{"id":99349,"href":"https:\/\/www.egemtv.com\/index.php?rest_route=\/wp\/v2\/posts\/99347\/revisions\/99349"}],"wp:featuredmedia":[{"embeddable":true,"href":"https:\/\/www.egemtv.com\/index.php?rest_route=\/wp\/v2\/media\/99348"}],"wp:attachment":[{"href":"https:\/\/www.egemtv.com\/index.php?rest_route=%2Fwp%2Fv2%2Fmedia&parent=99347"}],"wp:term":[{"taxonomy":"category","embeddable":true,"href":"https:\/\/www.egemtv.com\/index.php?rest_route=%2Fwp%2Fv2%2Fcategories&post=99347"},{"taxonomy":"post_tag","embeddable":true,"href":"https:\/\/www.egemtv.com\/index.php?rest_route=%2Fwp%2Fv2%2Ftags&post=99347"}],"curies":[{"name":"wp","href":"https:\/\/api.w.org\/{rel}","templated":true}]}}