{"id":99341,"date":"2026-04-27T13:35:56","date_gmt":"2026-04-27T10:35:56","guid":{"rendered":"https:\/\/www.egemtv.com\/?p=99341"},"modified":"2026-04-27T13:35:58","modified_gmt":"2026-04-27T10:35:58","slug":"efelerde-acil-mudahale-icin-oed-cihazlari-devreye-giriyor","status":"publish","type":"post","link":"https:\/\/www.egemtv.com\/?p=99341","title":{"rendered":"Efeler\u2019de acil m\u00fcdahale i\u00e7in OED cihazlar\u0131 devreye giriyor"},"content":{"rendered":"<p>Efeler Belediye Ba\u015fkan\u0131 An\u0131l Yeti\u015fkin, hem toplum sa\u011fl\u0131\u011f\u0131n\u0131 korumak hem de merhum gazeteci Erman \u00c7etin\u2019in hat\u0131ras\u0131n\u0131 ya\u015fatmak amac\u0131yla bir projeyi hayata ge\u00e7iriyor. Ayd\u0131n Gazeteciler Cemiyeti i\u015f birli\u011fiyle, kentin en i\u015flek noktalar\u0131na modern t\u0131bb\u0131n en \u00f6nemli ilk yard\u0131m ara\u00e7lar\u0131ndan biri olan OED (Otomatik Eksternal Defibrilat\u00f6r) cihazlar\u0131 yerle\u015ftiriliyor.<\/p>\n<p>Ge\u00e7ti\u011fimiz y\u0131l 28 Nisan\u2019da, ge\u00e7irdi\u011fi kalp krizi sonucu hayat\u0131n\u0131 kaybeden Ayd\u0131n Gazeteciler Cemiyeti Ba\u015fkan\u0131 ve Ayd\u0131npost Genel Yay\u0131n Y\u00f6netmeni Erman \u00c7etin, vefat\u0131n\u0131n y\u0131l d\u00f6n\u00fcm\u00fcnde anlaml\u0131 bir t\u00f6renle an\u0131lacak. 28 Nisan Sal\u0131 g\u00fcn\u00fc saat 13.00\u2019te ger\u00e7ekle\u015fecek a\u00e7\u0131l\u0131\u015fla birlikte, kentin 8 farkl\u0131 noktas\u0131na yerle\u015ftirilen cihazlar resmi olarak hizmete girecek.<\/p>\n<p>Ani kalp durmalar\u0131 s\u0131ras\u0131nda kalbin yeniden normal ritmine d\u00f6nmesini sa\u011flayan bu cihazlar, t\u0131p e\u011fitimi olmayan vatanda\u015flar\u0131n bile kullanabilece\u011fi \u015fekilde tasarland\u0131. Sesli ve g\u00f6rsel komutlarla kullan\u0131c\u0131y\u0131 ad\u0131m ad\u0131m y\u00f6nlendiren sistem, yanl\u0131\u015f m\u00fcdahale riskini s\u0131f\u0131ra indirerek profesyonel sa\u011fl\u0131k ekipleri olay yerine ula\u015fana kadar hayat kurtar\u0131c\u0131 bir k\u00f6pr\u00fc g\u00f6revi \u00fcstleniyor. Sistem, 112 Acil \u00c7a\u011fr\u0131 Merkezi ile tam bir e\u015f g\u00fcd\u00fcm i\u00e7erisinde \u00e7al\u0131\u015facak. Herhangi bir acil durumda 112\u2019ye d\u00fc\u015fen ihbarla birlikte, olay yerine en yak\u0131n OED cihaz\u0131n\u0131 tespit edilerek vatanda\u015flar o noktaya y\u00f6nlendirecek. B\u00f6ylece kalp durmas\u0131 sonras\u0131 ba\u015flayan \u2019alt\u0131n dakikalar\u2019 sa\u011fl\u0131k ekipleri olay yerine gelene kadar en verimli \u015fekilde de\u011ferlendirilmi\u015f olacak.<\/p>\n<p>Ba\u015fkan An\u0131l Yeti\u015fkin\u2019in talimat\u0131yla, vatanda\u015f yo\u011funlu\u011funun en \u00fcst seviyede oldu\u011fu b\u00f6lgeler belirlendi. Bu kapsamda cihazlar; Adnan Menderes Bulvar\u0131 \u00fczerindeki U\u011fur Mumcu ve Menderes parklar\u0131, Fatih Mahallesi kapal\u0131 pazar yeri, \u0130mamk\u00f6y Do\u011fa Otel, Zafer Meydan\u0131\u2019ndaki belediye otopark\u0131 ve P\u0131narba\u015f\u0131 Mesire Alan\u0131, Efeler Belediyesi hizmet binas\u0131 giri\u015fi ve ESKO i\u015f han\u0131nda kurumlar\u0131 yap\u0131larak hayat kurtarmaya haz\u0131r hale getirildi.<br \/><\/p>\n","protected":false},"excerpt":{"rendered":"<p>Efeler Belediye Ba\u015fkan\u0131 An\u0131l Yeti\u015fkin, hem toplum sa\u011fl\u0131\u011f\u0131n\u0131 korumak hem de merhum gazeteci Erman \u00c7etin\u2019in hat\u0131ras\u0131n\u0131 ya\u015fatmak amac\u0131yla bir projeyi hayata ge\u00e7iriyor. Ayd\u0131n Gazeteciler Cemiyeti i\u015f birli\u011fiyle, kentin en i\u015flek noktalar\u0131na modern t\u0131bb\u0131n en \u00f6nemli ilk yard\u0131m ara\u00e7lar\u0131ndan biri olan OED (Otomatik Eksternal Defibrilat\u00f6r) cihazlar\u0131 yerle\u015ftiriliyor. Ge\u00e7ti\u011fimiz y\u0131l 28 Nisan\u2019da, ge\u00e7irdi\u011fi kalp krizi sonucu hayat\u0131n\u0131&#8230;<\/p>\n","protected":false},"author":1,"featured_media":99342,"comment_status":"open","ping_status":"open","sticky":false,"template":"","format":"standard","meta":{"_crdt_document":"","footnotes":""},"categories":[1],"tags":[],"class_list":["post-99341","post","type-post","status-publish","format-standard","has-post-thumbnail","hentry","category-guncel"],"_links":{"self":[{"href":"https:\/\/www.egemtv.com\/index.php?rest_route=\/wp\/v2\/posts\/99341","targetHints":{"allow":["GET"]}}],"collection":[{"href":"https:\/\/www.egemtv.com\/index.php?rest_route=\/wp\/v2\/posts"}],"about":[{"href":"https:\/\/www.egemtv.com\/index.php?rest_route=\/wp\/v2\/types\/post"}],"author":[{"embeddable":true,"href":"https:\/\/www.egemtv.com\/index.php?rest_route=\/wp\/v2\/users\/1"}],"replies":[{"embeddable":true,"href":"https:\/\/www.egemtv.com\/index.php?rest_route=%2Fwp%2Fv2%2Fcomments&post=99341"}],"version-history":[{"count":1,"href":"https:\/\/www.egemtv.com\/index.php?rest_route=\/wp\/v2\/posts\/99341\/revisions"}],"predecessor-version":[{"id":99343,"href":"https:\/\/www.egemtv.com\/index.php?rest_route=\/wp\/v2\/posts\/99341\/revisions\/99343"}],"wp:featuredmedia":[{"embeddable":true,"href":"https:\/\/www.egemtv.com\/index.php?rest_route=\/wp\/v2\/media\/99342"}],"wp:attachment":[{"href":"https:\/\/www.egemtv.com\/index.php?rest_route=%2Fwp%2Fv2%2Fmedia&parent=99341"}],"wp:term":[{"taxonomy":"category","embeddable":true,"href":"https:\/\/www.egemtv.com\/index.php?rest_route=%2Fwp%2Fv2%2Fcategories&post=99341"},{"taxonomy":"post_tag","embeddable":true,"href":"https:\/\/www.egemtv.com\/index.php?rest_route=%2Fwp%2Fv2%2Ftags&post=99341"}],"curies":[{"name":"wp","href":"https:\/\/api.w.org\/{rel}","templated":true}]}}