{"id":99332,"date":"2026-04-27T13:01:01","date_gmt":"2026-04-27T10:01:01","guid":{"rendered":"https:\/\/www.egemtv.com\/?p=99332"},"modified":"2026-04-27T13:01:03","modified_gmt":"2026-04-27T10:01:03","slug":"mskude-teknoloji-uretimi-yeni-bir-boyut-kazaniyor","status":"publish","type":"post","link":"https:\/\/www.egemtv.com\/?p=99332","title":{"rendered":"MSK\u00dc\u2019de teknoloji \u00fcretimi yeni bir boyut kazan\u0131yor"},"content":{"rendered":"<p>Mu\u011fla S\u0131tk\u0131 Ko\u00e7man \u00dcniversitesi (MSK\u00dc), sadece teorik bilginin de\u011fil projelerin ve b\u00fcy\u00fck hedeflerin hayat buldu\u011fu yepyeni bir merkeze ev sahipli\u011fi yap\u0131yor. MSK\u00dc Milli Teknoloji At\u00f6lyesi, \u00dcniversite ile T\u00fcrkiye Bilimsel ve Teknolojik Ara\u015ft\u0131rma Kurumu i\u015f birli\u011finin g\u00fc\u00e7l\u00fc bir meyvesi olarak kap\u0131lar\u0131n\u0131 t\u00fcm \u00f6\u011frencilere a\u00e7t\u0131.<br \/>\n<br \/>Milli Teknoloji Hamlesi\u2019nin bir par\u00e7as\u0131 olan ve t\u00fcm deste\u011fi T\u00fcrkiye Bilimsel ve Teknolojik Ara\u015ft\u0131rma Kurumu taraf\u0131ndan sa\u011flanan bu at\u00f6lye, \u00dcniversitedeki inovasyon k\u00fclt\u00fcr\u00fcn\u00fc bir ad\u0131m \u00f6teye ta\u015f\u0131may\u0131 ama\u00e7l\u0131yor.<br \/>\n<br \/>\u00dcretimin ve ba\u015far\u0131n\u0131n yeni adresi<br \/>\n<br \/>Ara\u015ft\u0131rma Laboratuvarlar\u0131 Merkezi binas\u0131nda (ALM) hizmet veren Milli Teknoloji At\u00f6lyesi, sadece bir \u00e7al\u0131\u015fma alan\u0131 olarak de\u011fil \u00f6n lisans, lisans, y\u00fcksek lisans ve doktora \u00f6\u011frencilerinin s\u0131n\u0131rlar\u0131n\u0131 zorlayaca\u011f\u0131 bir \u00fcretim \u00fcss\u00fc olarak tasarland\u0131.<br \/>\n<br \/>TEKNOFEST gibi prestijli yar\u0131\u015fmalarda ter d\u00f6ken tak\u0131mlardan T\u00fcrkiye Bilimsel ve Teknolojik Ara\u015ft\u0131rma Kurumu projeleri y\u00fcr\u00fcten gen\u00e7lere kadar \u00dcniversiteyi ve \u00fclkemizi, ulusal ve uluslararas\u0131 platformlarda temsil eden t\u00fcm \u00f6\u011frenciler bu modern donan\u0131mdan faydalanabilecek. At\u00f6lye ayn\u0131 zamanda akademik \u00e7al\u0131\u015fmalar\u0131n teknolojik \u00e7\u0131kt\u0131lara d\u00f6n\u00fc\u015ft\u00fc\u011f\u00fc, ya\u015fayan bir ekosistem olarak hizmet verecek.<br \/>\n<br \/>Kamp\u00fcste Bilim Molas\u0131: S\u00f6yle\u015filer ba\u015fl\u0131yor<br \/>\n<br \/>Bununla birlikte Milli Teknoloji At\u00f6lyesi sadece teknik \u00fcretimle s\u0131n\u0131rl\u0131 kalmayacak. Bilgi payla\u015f\u0131m\u0131n\u0131 ve ilham\u0131 merkeze alarak; d\u00fczenlenecek Bilim S\u00f6yle\u015fileri ile ufuk a\u00e7\u0131c\u0131 bir bulu\u015fma noktas\u0131 haline gelecek. Alan\u0131nda uzman isimlerin ve akademisyenlerin yer alaca\u011f\u0131 bu etkinlikler, kamp\u00fcsteki bilimsel merak\u0131 canl\u0131 tutacak.<br \/><\/p>\n","protected":false},"excerpt":{"rendered":"<p>Mu\u011fla S\u0131tk\u0131 Ko\u00e7man \u00dcniversitesi (MSK\u00dc), sadece teorik bilginin de\u011fil projelerin ve b\u00fcy\u00fck hedeflerin hayat buldu\u011fu yepyeni bir merkeze ev sahipli\u011fi yap\u0131yor. MSK\u00dc Milli Teknoloji At\u00f6lyesi, \u00dcniversite ile T\u00fcrkiye Bilimsel ve Teknolojik Ara\u015ft\u0131rma Kurumu i\u015f birli\u011finin g\u00fc\u00e7l\u00fc bir meyvesi olarak kap\u0131lar\u0131n\u0131 t\u00fcm \u00f6\u011frencilere a\u00e7t\u0131. Milli Teknoloji Hamlesi\u2019nin bir par\u00e7as\u0131 olan ve t\u00fcm deste\u011fi T\u00fcrkiye Bilimsel ve&#8230;<\/p>\n","protected":false},"author":1,"featured_media":99333,"comment_status":"open","ping_status":"open","sticky":false,"template":"","format":"standard","meta":{"_crdt_document":"","footnotes":""},"categories":[1],"tags":[],"class_list":["post-99332","post","type-post","status-publish","format-standard","has-post-thumbnail","hentry","category-guncel"],"_links":{"self":[{"href":"https:\/\/www.egemtv.com\/index.php?rest_route=\/wp\/v2\/posts\/99332","targetHints":{"allow":["GET"]}}],"collection":[{"href":"https:\/\/www.egemtv.com\/index.php?rest_route=\/wp\/v2\/posts"}],"about":[{"href":"https:\/\/www.egemtv.com\/index.php?rest_route=\/wp\/v2\/types\/post"}],"author":[{"embeddable":true,"href":"https:\/\/www.egemtv.com\/index.php?rest_route=\/wp\/v2\/users\/1"}],"replies":[{"embeddable":true,"href":"https:\/\/www.egemtv.com\/index.php?rest_route=%2Fwp%2Fv2%2Fcomments&post=99332"}],"version-history":[{"count":1,"href":"https:\/\/www.egemtv.com\/index.php?rest_route=\/wp\/v2\/posts\/99332\/revisions"}],"predecessor-version":[{"id":99334,"href":"https:\/\/www.egemtv.com\/index.php?rest_route=\/wp\/v2\/posts\/99332\/revisions\/99334"}],"wp:featuredmedia":[{"embeddable":true,"href":"https:\/\/www.egemtv.com\/index.php?rest_route=\/wp\/v2\/media\/99333"}],"wp:attachment":[{"href":"https:\/\/www.egemtv.com\/index.php?rest_route=%2Fwp%2Fv2%2Fmedia&parent=99332"}],"wp:term":[{"taxonomy":"category","embeddable":true,"href":"https:\/\/www.egemtv.com\/index.php?rest_route=%2Fwp%2Fv2%2Fcategories&post=99332"},{"taxonomy":"post_tag","embeddable":true,"href":"https:\/\/www.egemtv.com\/index.php?rest_route=%2Fwp%2Fv2%2Ftags&post=99332"}],"curies":[{"name":"wp","href":"https:\/\/api.w.org\/{rel}","templated":true}]}}