{"id":99329,"date":"2026-04-27T13:00:58","date_gmt":"2026-04-27T10:00:58","guid":{"rendered":"https:\/\/www.egemtv.com\/?p=99329"},"modified":"2026-04-27T13:01:01","modified_gmt":"2026-04-27T10:01:01","slug":"efelerin-her-noktasinda-calismalar-suruyor","status":"publish","type":"post","link":"https:\/\/www.egemtv.com\/?p=99329","title":{"rendered":"Efeler\u2019in her noktas\u0131nda \u00e7al\u0131\u015fmalar s\u00fcr\u00fcyor"},"content":{"rendered":"<p>Ayd\u0131n\u2019\u0131n Efeler il\u00e7esinde ya\u015fam kalitesini y\u00fckseltmeye y\u00f6nelik \u00e7al\u0131\u015fmalar\u0131n\u0131 aral\u0131ks\u0131z s\u00fcr\u00fcyor .<\/p>\n<p>Efeler Belediyesi Fen \u0130\u015fleri M\u00fcd\u00fcrl\u00fc\u011f\u00fc ile Park ve Bah\u00e7eler M\u00fcd\u00fcrl\u00fc\u011f\u00fc ekipleri, kentin hem k\u0131rsal mahallelerinde hem de \u015fehir merkezinde e\u015f zamanl\u0131 olarak \u00e7al\u0131\u015fmalar\u0131n\u0131 s\u00fcrd\u00fcr\u00fcyor. Her mahalleye e\u015fit hizmet anlay\u0131\u015f\u0131yla hareket eden ekipler, vatanda\u015flar\u0131n g\u00fcnl\u00fck ya\u015fam\u0131n\u0131 kolayla\u015ft\u0131ran uygulamalar\u0131 sahaya yans\u0131tarak \u015fehrin genelinde de\u011fi\u015fim olu\u015fturuyor. Fen \u0130\u015fleri M\u00fcd\u00fcrl\u00fc\u011f\u00fc ekipleri taraf\u0131ndan \u0130lyasdere, Da\u011feymir ve Il\u0131caba\u015f\u0131 mahallelerinde y\u00fcr\u00fct\u00fclen \u00e7al\u0131\u015fmalar kapsam\u0131nda, mevsimsel etkenler ve yo\u011fun kullan\u0131m nedeniyle y\u0131pranan yollar kapsaml\u0131 bir bak\u0131m ve onar\u0131m s\u00fcrecinden ge\u00e7irildi. Ger\u00e7ekle\u015ftirilen bu \u00e7al\u0131\u015fmalar sayesinde ula\u015f\u0131m daha g\u00fcvenli ve konforlu hale gelirken, mahalle sakinlerinin g\u00fcnl\u00fck ya\u015fam\u0131 da \u00f6nemli \u00f6l\u00e7\u00fcde kolayla\u015ft\u0131.<\/p>\n<p>Park ve Bah\u00e7eler M\u00fcd\u00fcrl\u00fc\u011f\u00fc ekipleri ise Hasanefendi, Me\u015frutiyet, G\u00fczelhisar, Efeler ve \u00c7e\u015ftepe mahallelerinde y\u00fcr\u00fctt\u00fckleri \u00e7al\u0131\u015fmalarla kentin estetik g\u00f6r\u00fcn\u00fcm\u00fcn\u00fc g\u00fc\u00e7lendirdi. \u00d6zellikle sokaklarda uzayan yabani otlar\u0131n bi\u00e7ilmesi, sadece g\u00f6rsel d\u00fczen sa\u011flamakla kalmad\u0131; ayn\u0131 zamanda ha\u015fere olu\u015fumunun \u00f6n\u00fcne ge\u00e7ilerek halk sa\u011fl\u0131\u011f\u0131n\u0131n korunmas\u0131na da \u00f6nemli katk\u0131 sundu. A\u011fa\u00e7larda ger\u00e7ekle\u015ftirilen bak\u0131m ve budama i\u015flemleriyle hem bitkilerin sa\u011fl\u0131kl\u0131 geli\u015fimi desteklendi hem de kent genelinde daha d\u00fczenli, ferah ve g\u00fcvenli bir \u00e7evre olu\u015fturuldu.<\/p>\n<p>Yap\u0131lan hizmetlerden duyduklar\u0131 memnuniyeti dile getiren vatanda\u015flar, Efeler\u2019in her k\u00f6\u015fesinde hissedilen bu \u00e7al\u0131\u015fmalar\u0131n ya\u015fam kalitelerini art\u0131rd\u0131\u011f\u0131n\u0131 belirtti. Vatanda\u015flar, \u00f6zverili \u00e7al\u0131\u015fmalar\u0131 dolay\u0131s\u0131yla Efeler Belediye Ba\u015fkan\u0131 An\u0131l Yeti\u015fkin ve belediye ekiplerine te\u015fekk\u00fcr etti.<br \/><\/p>\n","protected":false},"excerpt":{"rendered":"<p>Ayd\u0131n\u2019\u0131n Efeler il\u00e7esinde ya\u015fam kalitesini y\u00fckseltmeye y\u00f6nelik \u00e7al\u0131\u015fmalar\u0131n\u0131 aral\u0131ks\u0131z s\u00fcr\u00fcyor . Efeler Belediyesi Fen \u0130\u015fleri M\u00fcd\u00fcrl\u00fc\u011f\u00fc ile Park ve Bah\u00e7eler M\u00fcd\u00fcrl\u00fc\u011f\u00fc ekipleri, kentin hem k\u0131rsal mahallelerinde hem de \u015fehir merkezinde e\u015f zamanl\u0131 olarak \u00e7al\u0131\u015fmalar\u0131n\u0131 s\u00fcrd\u00fcr\u00fcyor. Her mahalleye e\u015fit hizmet anlay\u0131\u015f\u0131yla hareket eden ekipler, vatanda\u015flar\u0131n g\u00fcnl\u00fck ya\u015fam\u0131n\u0131 kolayla\u015ft\u0131ran uygulamalar\u0131 sahaya yans\u0131tarak \u015fehrin genelinde de\u011fi\u015fim olu\u015fturuyor. Fen&#8230;<\/p>\n","protected":false},"author":1,"featured_media":99330,"comment_status":"open","ping_status":"open","sticky":false,"template":"","format":"standard","meta":{"_crdt_document":"","footnotes":""},"categories":[1],"tags":[],"class_list":["post-99329","post","type-post","status-publish","format-standard","has-post-thumbnail","hentry","category-guncel"],"_links":{"self":[{"href":"https:\/\/www.egemtv.com\/index.php?rest_route=\/wp\/v2\/posts\/99329","targetHints":{"allow":["GET"]}}],"collection":[{"href":"https:\/\/www.egemtv.com\/index.php?rest_route=\/wp\/v2\/posts"}],"about":[{"href":"https:\/\/www.egemtv.com\/index.php?rest_route=\/wp\/v2\/types\/post"}],"author":[{"embeddable":true,"href":"https:\/\/www.egemtv.com\/index.php?rest_route=\/wp\/v2\/users\/1"}],"replies":[{"embeddable":true,"href":"https:\/\/www.egemtv.com\/index.php?rest_route=%2Fwp%2Fv2%2Fcomments&post=99329"}],"version-history":[{"count":1,"href":"https:\/\/www.egemtv.com\/index.php?rest_route=\/wp\/v2\/posts\/99329\/revisions"}],"predecessor-version":[{"id":99331,"href":"https:\/\/www.egemtv.com\/index.php?rest_route=\/wp\/v2\/posts\/99329\/revisions\/99331"}],"wp:featuredmedia":[{"embeddable":true,"href":"https:\/\/www.egemtv.com\/index.php?rest_route=\/wp\/v2\/media\/99330"}],"wp:attachment":[{"href":"https:\/\/www.egemtv.com\/index.php?rest_route=%2Fwp%2Fv2%2Fmedia&parent=99329"}],"wp:term":[{"taxonomy":"category","embeddable":true,"href":"https:\/\/www.egemtv.com\/index.php?rest_route=%2Fwp%2Fv2%2Fcategories&post=99329"},{"taxonomy":"post_tag","embeddable":true,"href":"https:\/\/www.egemtv.com\/index.php?rest_route=%2Fwp%2Fv2%2Ftags&post=99329"}],"curies":[{"name":"wp","href":"https:\/\/api.w.org\/{rel}","templated":true}]}}