{"id":99326,"date":"2026-04-27T13:00:55","date_gmt":"2026-04-27T10:00:55","guid":{"rendered":"https:\/\/www.egemtv.com\/?p=99326"},"modified":"2026-04-27T13:00:57","modified_gmt":"2026-04-27T10:00:57","slug":"koseden-baskan-dutluluya-destek","status":"publish","type":"post","link":"https:\/\/www.egemtv.com\/?p=99326","title":{"rendered":"K\u00f6se\u2019den Ba\u015fkan Dutlulu\u2019ya destek"},"content":{"rendered":"<p>Manisa\u2019da kat\u0131 at\u0131k bertaraf tesisine \u0130zmir\u2019den ta\u015f\u0131nacak at\u0131klara ili\u015fkin s\u00fcre\u00e7 g\u00fcndemdeki yerini korurken, D\u00fc\u015f\u00fcnce Rotas\u0131 Derne\u011fi Genel Ba\u015fkan\u0131 Fatih K\u00f6se, Manisa B\u00fcy\u00fck\u015fehir Belediye Ba\u015fkan\u0131 Besim Dutlulu\u2019nun a\u00e7\u0131klamalar\u0131n\u0131 teknik a\u00e7\u0131dan de\u011ferlendirerek, destek verdi.<br \/>\n<br \/>K\u00f6se yapt\u0131\u011f\u0131 yaz\u0131l\u0131 a\u00e7\u0131klamada, Manisa\u2019daki tesisin yaln\u0131zca kentin kendi at\u0131klar\u0131 i\u00e7in planland\u0131\u011f\u0131n\u0131 belirterek, kapasite a\u015f\u0131m\u0131 riskine dikkat \u00e7ekti. K\u00f6se, &#8220;Say\u0131n Besim Dutlulu\u2019nun ifade etti\u011fi gibi bu s\u00fcrecin ge\u00e7ici olmas\u0131 esast\u0131r. 6 ay gibi s\u0131n\u0131rl\u0131 bir s\u00fcre i\u00e7in planlanan bir uygulaman\u0131n uzamas\u0131 ya da kapasiteyi zorlayacak \u015fekilde devam etmesi, Manisa a\u00e7\u0131s\u0131ndan ciddi \u00e7evresel sorunlara yol a\u00e7abilir&#8221; dedi.<br \/>\n<br \/>K\u00f6se, at\u0131k y\u00f6netimi s\u00fcre\u00e7lerinde tesislerin proje kapasitesi, i\u015fletme y\u00fck\u00fc ve \u00e7evresel etki s\u0131n\u0131rlar\u0131n\u0131n esas al\u0131nmas\u0131 gerekti\u011fini belirterek, &#8220;Bir bertaraf tesisinin planlama kriterleri; g\u00fcnl\u00fck i\u015fleme kapasitesi, depolama hacmi ve \u00e7evresel etki limitleri dikkate al\u0131narak belirlenir. Bu \u00e7er\u00e7evenin \u00fczerinde olu\u015fabilecek y\u00fck art\u0131\u015f\u0131, operasyonel verimlilikte d\u00fc\u015f\u00fc\u015fe ve \u00e7evresel risklerin artmas\u0131na neden olabilir&#8221; dedi.<br \/>\n<br \/>Ge\u00e7ici olarak planlanan at\u0131k transferlerinin s\u00fcre ve miktar a\u00e7\u0131s\u0131ndan kontroll\u00fc y\u00fcr\u00fct\u00fclmesi gerekti\u011fini ifade eden K\u00f6se, &#8220;K\u0131sa vadeli \u00e7\u00f6z\u00fcmler, sistemin genel i\u015fleyi\u015fini bozmayacak ve kapasiteyi a\u015fmayacak \u015fekilde uygulanmal\u0131d\u0131r. Aksi durumda koku olu\u015fumu, bekleme s\u00fcrelerinin artmas\u0131 ve lojistik aksakl\u0131klar gibi ikincil sorunlar ortaya \u00e7\u0131kabilir&#8221; ifadelerini kulland\u0131.<br \/>\n<br \/>Manisa\u2019daki tesisin \u00f6ncelikli olarak kentin kendi at\u0131k y\u00f6netimi ihtiyac\u0131na g\u00f6re projelendirildi\u011fine dikkat \u00e7eken K\u00f6se, &#8220;Bu t\u00fcr tesislerde b\u00f6lgesel y\u00fck dengesi kritik bir parametredir. Planlama d\u0131\u015f\u0131 y\u00fck art\u0131\u015flar\u0131, tesisin \u00f6ng\u00f6r\u00fclen \u00f6mr\u00fcn\u00fc k\u0131saltabilece\u011fi gibi bak\u0131m ve i\u015fletme maliyetlerini de art\u0131rabilir&#8221; diye konu\u015ftu.<br \/>\n<br \/>\u0130zmir\u2019deki at\u0131k bertaraf s\u00fcrecine ili\u015fkin kal\u0131c\u0131 \u00e7\u00f6z\u00fcm ihtiyac\u0131na da de\u011finen K\u00f6se, &#8220;B\u00fcy\u00fck \u00f6l\u00e7ekli \u015fehirlerde at\u0131k y\u00f6netimi, yer tahsisi ve entegre tesis planlamas\u0131 ile s\u00fcrd\u00fcr\u00fclebilir olmal\u0131. At\u0131\u011f\u0131n kayna\u011fa en yak\u0131n noktada y\u00f6netilmesi, hem lojistik hem de \u00e7evresel a\u00e7\u0131dan daha sa\u011fl\u0131kl\u0131 bir yakla\u015f\u0131md\u0131r&#8221; dedi.<br \/>\n<br \/>K\u00f6se, iki \u015fehir aras\u0131ndaki sosyal ve ekonomik ili\u015fkilerin \u00f6nemine i\u015faret ederek, &#8220;B\u00f6lgesel dayan\u0131\u015fma elbette \u00f6nemlidir ancak bu s\u00fcre\u00e7 teknik kriterler ve kapasite s\u0131n\u0131rlar\u0131 \u00e7er\u00e7evesinde y\u00fcr\u00fct\u00fclmelidir&#8221; ifadelerini kulland\u0131.<br \/>\n<br \/>A\u00e7\u0131klamas\u0131nda, at\u0131k y\u00f6netiminin uzun vadeli planlama gerektiren bir alan oldu\u011funu vurgulayan K\u00f6se, &#8220;S\u00fcrd\u00fcr\u00fclebilir bir sistem i\u00e7in her ilin kendi at\u0131k y\u00f6netim altyap\u0131s\u0131n\u0131 g\u00fc\u00e7lendirmesi ve ge\u00e7ici uygulamalar\u0131n kal\u0131c\u0131 hale gelmemesi gerekmektedir&#8221; de\u011ferlendirmesinde bulundu.<br \/><\/p>\n","protected":false},"excerpt":{"rendered":"<p>Manisa\u2019da kat\u0131 at\u0131k bertaraf tesisine \u0130zmir\u2019den ta\u015f\u0131nacak at\u0131klara ili\u015fkin s\u00fcre\u00e7 g\u00fcndemdeki yerini korurken, D\u00fc\u015f\u00fcnce Rotas\u0131 Derne\u011fi Genel Ba\u015fkan\u0131 Fatih K\u00f6se, Manisa B\u00fcy\u00fck\u015fehir Belediye Ba\u015fkan\u0131 Besim Dutlulu\u2019nun a\u00e7\u0131klamalar\u0131n\u0131 teknik a\u00e7\u0131dan de\u011ferlendirerek, destek verdi. K\u00f6se yapt\u0131\u011f\u0131 yaz\u0131l\u0131 a\u00e7\u0131klamada, Manisa\u2019daki tesisin yaln\u0131zca kentin kendi at\u0131klar\u0131 i\u00e7in planland\u0131\u011f\u0131n\u0131 belirterek, kapasite a\u015f\u0131m\u0131 riskine dikkat \u00e7ekti. K\u00f6se, &#8220;Say\u0131n Besim Dutlulu\u2019nun ifade&#8230;<\/p>\n","protected":false},"author":1,"featured_media":99327,"comment_status":"open","ping_status":"open","sticky":false,"template":"","format":"standard","meta":{"_crdt_document":"","footnotes":""},"categories":[1],"tags":[],"class_list":["post-99326","post","type-post","status-publish","format-standard","has-post-thumbnail","hentry","category-guncel"],"_links":{"self":[{"href":"https:\/\/www.egemtv.com\/index.php?rest_route=\/wp\/v2\/posts\/99326","targetHints":{"allow":["GET"]}}],"collection":[{"href":"https:\/\/www.egemtv.com\/index.php?rest_route=\/wp\/v2\/posts"}],"about":[{"href":"https:\/\/www.egemtv.com\/index.php?rest_route=\/wp\/v2\/types\/post"}],"author":[{"embeddable":true,"href":"https:\/\/www.egemtv.com\/index.php?rest_route=\/wp\/v2\/users\/1"}],"replies":[{"embeddable":true,"href":"https:\/\/www.egemtv.com\/index.php?rest_route=%2Fwp%2Fv2%2Fcomments&post=99326"}],"version-history":[{"count":1,"href":"https:\/\/www.egemtv.com\/index.php?rest_route=\/wp\/v2\/posts\/99326\/revisions"}],"predecessor-version":[{"id":99328,"href":"https:\/\/www.egemtv.com\/index.php?rest_route=\/wp\/v2\/posts\/99326\/revisions\/99328"}],"wp:featuredmedia":[{"embeddable":true,"href":"https:\/\/www.egemtv.com\/index.php?rest_route=\/wp\/v2\/media\/99327"}],"wp:attachment":[{"href":"https:\/\/www.egemtv.com\/index.php?rest_route=%2Fwp%2Fv2%2Fmedia&parent=99326"}],"wp:term":[{"taxonomy":"category","embeddable":true,"href":"https:\/\/www.egemtv.com\/index.php?rest_route=%2Fwp%2Fv2%2Fcategories&post=99326"},{"taxonomy":"post_tag","embeddable":true,"href":"https:\/\/www.egemtv.com\/index.php?rest_route=%2Fwp%2Fv2%2Ftags&post=99326"}],"curies":[{"name":"wp","href":"https:\/\/api.w.org\/{rel}","templated":true}]}}