{"id":99323,"date":"2026-04-27T12:25:43","date_gmt":"2026-04-27T09:25:43","guid":{"rendered":"https:\/\/www.egemtv.com\/?p=99323"},"modified":"2026-04-27T12:25:45","modified_gmt":"2026-04-27T09:25:45","slug":"baba-ve-oglunun-yuzunu-gulduren-mantar-avi","status":"publish","type":"post","link":"https:\/\/www.egemtv.com\/?p=99323","title":{"rendered":"Baba ve o\u011flunun y\u00fcz\u00fcn\u00fc g\u00fcld\u00fcren mantar av\u0131"},"content":{"rendered":"<p>K\u00fctahya\u2019n\u0131n Tav\u015fanl\u0131 il\u00e7esi esnaflar\u0131ndan \u0130sa G\u00fcnd\u00fcz ve o\u011flu Behl\u00fcl G\u00fcnd\u00fcz, ormanl\u0131k alanda \u00e7\u0131kt\u0131klar\u0131 mantar av\u0131nda adeta &#8220;hazine&#8221; buldu. Bahar aylar\u0131n\u0131n nadide lezzeti kuzu g\u00f6be\u011fi mantar\u0131n\u0131n pe\u015fine d\u00fc\u015fen baba-o\u011ful, toplad\u0131klar\u0131 4 sepet mantarla g\u00f6renleri hayrete d\u00fc\u015f\u00fcrd\u00fc.<br \/>\n<br \/>Bahar ya\u011fmurlar\u0131n\u0131n ard\u0131ndan do\u011fada kendini g\u00f6steren ve gastronomi d\u00fcnyas\u0131n\u0131n en de\u011ferli mantarlar\u0131ndan biri olan kuzu g\u00f6be\u011fi, bu kez Tav\u015fanl\u0131l\u0131 esnaf \u0130sa G\u00fcnd\u00fcz ve o\u011flu Behl\u00fcl G\u00fcnd\u00fcz\u2019\u00fcn y\u00fcz\u00fcn\u00fc g\u00fcld\u00fcrd\u00fc. Tav\u015fanl\u0131\u2019dan Bursa\u2019n\u0131n Harmanc\u0131k il\u00e7esindeki ormanl\u0131k alanlara giden baba-o\u011ful, g\u00fcn boyu s\u00fcren aramalar\u0131n sonunda bereketli bir hasada imza att\u0131. Ad\u0131m ad\u0131m orman\u0131 tarayan G\u00fcnd\u00fcz ailesi, bulduklar\u0131 kuzu g\u00f6be\u011fi mantarlar\u0131yla k\u0131sa s\u00fcrede 4 sepeti doldurmay\u0131 ba\u015fard\u0131.<br \/>\n<br \/>B\u00f6lge halk\u0131 taraf\u0131ndan &#8220;do\u011fal servet&#8221; olarak nitelendirilen kuzu g\u00f6be\u011fi mantar\u0131n\u0131 toplaman\u0131n b\u00fcy\u00fck bir sab\u0131r ve tecr\u00fcbe gerektirdi\u011fini belirten \u0130sa G\u00fcnd\u00fcz, &#8220;O\u011flum Behl\u00fcl ile birlikte do\u011fada vakit ge\u00e7irmeyi seviyoruz. Bu y\u0131l ya\u011f\u0131\u015flarla birlikte kuzu g\u00f6be\u011fi olduk\u00e7a verimli. Nasibimizi aramak i\u00e7in Harmanc\u0131k b\u00f6lgesine geldik ve bekledi\u011fimizden \u00e7ok daha fazlas\u0131yla kar\u015f\u0131la\u015ft\u0131k. Tam 4 sepet mantar toplad\u0131k, \u00e7ok bereketli bir g\u00fcn oldu,&#8221; dedi.<br \/>\n<br \/>Do\u011fada nadir bulunmas\u0131 ve t\u0131bbi de\u011ferinin y\u00fcksek olmas\u0131 nedeniyle piyasa de\u011feri olduk\u00e7a y\u00fcksek olan kuzu g\u00f6be\u011fi mantar\u0131, hem yerel halk\u0131n hem de t\u00fcccarlar\u0131n yo\u011fun ilgisini \u00e7ekiyor. Uzmanlar ise mantar toplama konusunda tecr\u00fcbesiz olan vatanda\u015flar\u0131, do\u011fada bulunan zehirli t\u00fcrlere kar\u015f\u0131 dikkatli olmalar\u0131 konusunda uyarmaya devam ediyor.<br \/>\n<br \/>Baba ve o\u011flun bu bereketli mantar av\u0131, il\u00e7edeki di\u011fer mantar merakl\u0131lar\u0131 i\u00e7in de motivasyon kayna\u011f\u0131 oldu.<br \/><\/p>\n","protected":false},"excerpt":{"rendered":"<p>K\u00fctahya\u2019n\u0131n Tav\u015fanl\u0131 il\u00e7esi esnaflar\u0131ndan \u0130sa G\u00fcnd\u00fcz ve o\u011flu Behl\u00fcl G\u00fcnd\u00fcz, ormanl\u0131k alanda \u00e7\u0131kt\u0131klar\u0131 mantar av\u0131nda adeta &#8220;hazine&#8221; buldu. Bahar aylar\u0131n\u0131n nadide lezzeti kuzu g\u00f6be\u011fi mantar\u0131n\u0131n pe\u015fine d\u00fc\u015fen baba-o\u011ful, toplad\u0131klar\u0131 4 sepet mantarla g\u00f6renleri hayrete d\u00fc\u015f\u00fcrd\u00fc. Bahar ya\u011fmurlar\u0131n\u0131n ard\u0131ndan do\u011fada kendini g\u00f6steren ve gastronomi d\u00fcnyas\u0131n\u0131n en de\u011ferli mantarlar\u0131ndan biri olan kuzu g\u00f6be\u011fi, bu kez Tav\u015fanl\u0131l\u0131 esnaf&#8230;<\/p>\n","protected":false},"author":1,"featured_media":99324,"comment_status":"open","ping_status":"open","sticky":false,"template":"","format":"standard","meta":{"_crdt_document":"","footnotes":""},"categories":[1],"tags":[],"class_list":["post-99323","post","type-post","status-publish","format-standard","has-post-thumbnail","hentry","category-guncel"],"_links":{"self":[{"href":"https:\/\/www.egemtv.com\/index.php?rest_route=\/wp\/v2\/posts\/99323","targetHints":{"allow":["GET"]}}],"collection":[{"href":"https:\/\/www.egemtv.com\/index.php?rest_route=\/wp\/v2\/posts"}],"about":[{"href":"https:\/\/www.egemtv.com\/index.php?rest_route=\/wp\/v2\/types\/post"}],"author":[{"embeddable":true,"href":"https:\/\/www.egemtv.com\/index.php?rest_route=\/wp\/v2\/users\/1"}],"replies":[{"embeddable":true,"href":"https:\/\/www.egemtv.com\/index.php?rest_route=%2Fwp%2Fv2%2Fcomments&post=99323"}],"version-history":[{"count":1,"href":"https:\/\/www.egemtv.com\/index.php?rest_route=\/wp\/v2\/posts\/99323\/revisions"}],"predecessor-version":[{"id":99325,"href":"https:\/\/www.egemtv.com\/index.php?rest_route=\/wp\/v2\/posts\/99323\/revisions\/99325"}],"wp:featuredmedia":[{"embeddable":true,"href":"https:\/\/www.egemtv.com\/index.php?rest_route=\/wp\/v2\/media\/99324"}],"wp:attachment":[{"href":"https:\/\/www.egemtv.com\/index.php?rest_route=%2Fwp%2Fv2%2Fmedia&parent=99323"}],"wp:term":[{"taxonomy":"category","embeddable":true,"href":"https:\/\/www.egemtv.com\/index.php?rest_route=%2Fwp%2Fv2%2Fcategories&post=99323"},{"taxonomy":"post_tag","embeddable":true,"href":"https:\/\/www.egemtv.com\/index.php?rest_route=%2Fwp%2Fv2%2Ftags&post=99323"}],"curies":[{"name":"wp","href":"https:\/\/api.w.org\/{rel}","templated":true}]}}