{"id":99320,"date":"2026-04-27T11:50:48","date_gmt":"2026-04-27T08:50:48","guid":{"rendered":"https:\/\/www.egemtv.com\/?p=99320"},"modified":"2026-04-27T11:50:50","modified_gmt":"2026-04-27T08:50:50","slug":"aydinda-cember-122-operasyonu-30-aranan-sahis-yakalandi","status":"publish","type":"post","link":"https:\/\/www.egemtv.com\/?p=99320","title":{"rendered":"Ayd\u0131n\u2019da \u00c7EMBER-122 operasyonu: 30 aranan \u015fah\u0131s yakaland\u0131"},"content":{"rendered":"<p>Ayd\u0131n \u0130l Jandarma Komutanl\u0131\u011f\u0131 taraf\u0131ndan aranan \u015fah\u0131slara y\u00f6nelik d\u00fczenlenen \u00c7EMBER-122 Operasyonu kapsam\u0131nda 30 ki\u015fi yakaland\u0131.<\/p>\n<p>Edinilen bilgiye g\u00f6re, Ayd\u0131n \u0130l Jandarma Komutanl\u0131\u011f\u0131 ekiplerince 23-25 Nisan 2026 tarihleri aras\u0131nda aranan \u015fah\u0131slar\u0131n yakalanmas\u0131na y\u00f6nelik il genelinde e\u015f zamanl\u0131 operasyon ger\u00e7ekle\u015ftirildi. 81 unsur ve 243 personelin kat\u0131l\u0131m\u0131yla icra edilen operasyon kapsam\u0131nda toplam 30 aranan \u015fah\u0131s yakalanarak g\u00f6zalt\u0131na al\u0131nd\u0131. Yakalanan \u015fah\u0131slar\u0131n 7\u2019sinin 0-2 y\u0131l, 6\u2019s\u0131n\u0131n 2-5 y\u0131l, 5\u2019inin 5-10 y\u0131l ve 1\u2019inin ise 10-20 y\u0131l aras\u0131nda kesinle\u015fmi\u015f hapis cezas\u0131 bulundu\u011fu tespit edildi. Sah\u0131\u015flar\u0131n; 4\u2019\u00fcn\u00fcn h\u0131rs\u0131zl\u0131k, 3\u2019\u00fcn\u00fcn uyu\u015fturucu, 3\u2019\u00fcn\u00fcn tehdit, 3\u2019\u00fcn\u00fcn yaralama su\u00e7lar\u0131ndan arand\u0131\u011f\u0131, 6\u2019s\u0131n\u0131n \u00e7e\u015fitli su\u00e7lardan, 11\u2019inin ise ifadeye y\u00f6nelik arand\u0131\u011f\u0131 \u00f6\u011frenildi.<br \/><\/p>\n","protected":false},"excerpt":{"rendered":"<p>Ayd\u0131n \u0130l Jandarma Komutanl\u0131\u011f\u0131 taraf\u0131ndan aranan \u015fah\u0131slara y\u00f6nelik d\u00fczenlenen \u00c7EMBER-122 Operasyonu kapsam\u0131nda 30 ki\u015fi yakaland\u0131. Edinilen bilgiye g\u00f6re, Ayd\u0131n \u0130l Jandarma Komutanl\u0131\u011f\u0131 ekiplerince 23-25 Nisan 2026 tarihleri aras\u0131nda aranan \u015fah\u0131slar\u0131n yakalanmas\u0131na y\u00f6nelik il genelinde e\u015f zamanl\u0131 operasyon ger\u00e7ekle\u015ftirildi. 81 unsur ve 243 personelin kat\u0131l\u0131m\u0131yla icra edilen operasyon kapsam\u0131nda toplam 30 aranan \u015fah\u0131s yakalanarak g\u00f6zalt\u0131na al\u0131nd\u0131&#8230;.<\/p>\n","protected":false},"author":1,"featured_media":99321,"comment_status":"open","ping_status":"open","sticky":false,"template":"","format":"standard","meta":{"_crdt_document":"","footnotes":""},"categories":[5],"tags":[],"class_list":["post-99320","post","type-post","status-publish","format-standard","has-post-thumbnail","hentry","category-asayis"],"_links":{"self":[{"href":"https:\/\/www.egemtv.com\/index.php?rest_route=\/wp\/v2\/posts\/99320","targetHints":{"allow":["GET"]}}],"collection":[{"href":"https:\/\/www.egemtv.com\/index.php?rest_route=\/wp\/v2\/posts"}],"about":[{"href":"https:\/\/www.egemtv.com\/index.php?rest_route=\/wp\/v2\/types\/post"}],"author":[{"embeddable":true,"href":"https:\/\/www.egemtv.com\/index.php?rest_route=\/wp\/v2\/users\/1"}],"replies":[{"embeddable":true,"href":"https:\/\/www.egemtv.com\/index.php?rest_route=%2Fwp%2Fv2%2Fcomments&post=99320"}],"version-history":[{"count":1,"href":"https:\/\/www.egemtv.com\/index.php?rest_route=\/wp\/v2\/posts\/99320\/revisions"}],"predecessor-version":[{"id":99322,"href":"https:\/\/www.egemtv.com\/index.php?rest_route=\/wp\/v2\/posts\/99320\/revisions\/99322"}],"wp:featuredmedia":[{"embeddable":true,"href":"https:\/\/www.egemtv.com\/index.php?rest_route=\/wp\/v2\/media\/99321"}],"wp:attachment":[{"href":"https:\/\/www.egemtv.com\/index.php?rest_route=%2Fwp%2Fv2%2Fmedia&parent=99320"}],"wp:term":[{"taxonomy":"category","embeddable":true,"href":"https:\/\/www.egemtv.com\/index.php?rest_route=%2Fwp%2Fv2%2Fcategories&post=99320"},{"taxonomy":"post_tag","embeddable":true,"href":"https:\/\/www.egemtv.com\/index.php?rest_route=%2Fwp%2Fv2%2Ftags&post=99320"}],"curies":[{"name":"wp","href":"https:\/\/api.w.org\/{rel}","templated":true}]}}