{"id":99317,"date":"2026-04-27T11:50:47","date_gmt":"2026-04-27T08:50:47","guid":{"rendered":"https:\/\/www.egemtv.com\/?p=99317"},"modified":"2026-04-27T11:50:48","modified_gmt":"2026-04-27T08:50:48","slug":"manisa-fk-sezonu-galibiyetle-bitirmek-istiyor","status":"publish","type":"post","link":"https:\/\/www.egemtv.com\/?p=99317","title":{"rendered":"Manisa FK sezonu galibiyetle bitirmek istiyor"},"content":{"rendered":"<p>TFF 1. Lig\u2019de 38. ve son hafta kar\u015f\u0131la\u015fmas\u0131nda Manisa FK, k\u00fcme d\u00fc\u015fmesi kesinle\u015fen Sakaryaspor\u2019u sahas\u0131nda a\u011f\u0131rlayacak. Siyah-beyazl\u0131 ekip, taraftar\u0131 \u00f6n\u00fcnde oynayaca\u011f\u0131 m\u00fccadeleyi kazanarak sezonu 3 puanla tamamlamay\u0131 hedefliyor.<br \/>\n<br \/>TFF 1. Lig\u2019de sezonun son haftas\u0131 olan 38. hafta kar\u015f\u0131la\u015fmas\u0131nda Manisa FK, kendi sahas\u0131nda Sakaryaspor ile kar\u015f\u0131 kar\u015f\u0131ya gelecek. 1 May\u0131s Cuma G\u00fcn\u00fc saat 20.00\u2019de Manisa 19 May\u0131s Stadyumu\u2019nda oynanacak m\u00fccadeleye Manisa FK 52 puanla 10. s\u0131rada, Sakaryaspor ise 34 puanla 18. s\u0131rada ve k\u00fcme d\u00fc\u015fmesi kesinle\u015fmi\u015f \u015fekilde \u00e7\u0131kacak.<br \/>\n<br \/>Manisa temsilcisi, sezonu taraftar\u0131 \u00f6n\u00fcnde galibiyetle kapatmay\u0131 ama\u00e7l\u0131yor. Sezonun ilk yar\u0131s\u0131nda Sakarya\u2019da oynanan kar\u015f\u0131la\u015fmay\u0131 2-0 kazanan Manisa FK, kendi evinde de ligin son ma\u00e7\u0131n\u0131 galibiyetle kapatmak istiyor.<br \/><\/p>\n","protected":false},"excerpt":{"rendered":"<p>TFF 1. Lig\u2019de 38. ve son hafta kar\u015f\u0131la\u015fmas\u0131nda Manisa FK, k\u00fcme d\u00fc\u015fmesi kesinle\u015fen Sakaryaspor\u2019u sahas\u0131nda a\u011f\u0131rlayacak. Siyah-beyazl\u0131 ekip, taraftar\u0131 \u00f6n\u00fcnde oynayaca\u011f\u0131 m\u00fccadeleyi kazanarak sezonu 3 puanla tamamlamay\u0131 hedefliyor. TFF 1. Lig\u2019de sezonun son haftas\u0131 olan 38. hafta kar\u015f\u0131la\u015fmas\u0131nda Manisa FK, kendi sahas\u0131nda Sakaryaspor ile kar\u015f\u0131 kar\u015f\u0131ya gelecek. 1 May\u0131s Cuma G\u00fcn\u00fc saat 20.00\u2019de Manisa 19&#8230;<\/p>\n","protected":false},"author":1,"featured_media":99318,"comment_status":"open","ping_status":"open","sticky":false,"template":"","format":"standard","meta":{"_crdt_document":"","footnotes":""},"categories":[4],"tags":[],"class_list":["post-99317","post","type-post","status-publish","format-standard","has-post-thumbnail","hentry","category-spor"],"_links":{"self":[{"href":"https:\/\/www.egemtv.com\/index.php?rest_route=\/wp\/v2\/posts\/99317","targetHints":{"allow":["GET"]}}],"collection":[{"href":"https:\/\/www.egemtv.com\/index.php?rest_route=\/wp\/v2\/posts"}],"about":[{"href":"https:\/\/www.egemtv.com\/index.php?rest_route=\/wp\/v2\/types\/post"}],"author":[{"embeddable":true,"href":"https:\/\/www.egemtv.com\/index.php?rest_route=\/wp\/v2\/users\/1"}],"replies":[{"embeddable":true,"href":"https:\/\/www.egemtv.com\/index.php?rest_route=%2Fwp%2Fv2%2Fcomments&post=99317"}],"version-history":[{"count":1,"href":"https:\/\/www.egemtv.com\/index.php?rest_route=\/wp\/v2\/posts\/99317\/revisions"}],"predecessor-version":[{"id":99319,"href":"https:\/\/www.egemtv.com\/index.php?rest_route=\/wp\/v2\/posts\/99317\/revisions\/99319"}],"wp:featuredmedia":[{"embeddable":true,"href":"https:\/\/www.egemtv.com\/index.php?rest_route=\/wp\/v2\/media\/99318"}],"wp:attachment":[{"href":"https:\/\/www.egemtv.com\/index.php?rest_route=%2Fwp%2Fv2%2Fmedia&parent=99317"}],"wp:term":[{"taxonomy":"category","embeddable":true,"href":"https:\/\/www.egemtv.com\/index.php?rest_route=%2Fwp%2Fv2%2Fcategories&post=99317"},{"taxonomy":"post_tag","embeddable":true,"href":"https:\/\/www.egemtv.com\/index.php?rest_route=%2Fwp%2Fv2%2Ftags&post=99317"}],"curies":[{"name":"wp","href":"https:\/\/api.w.org\/{rel}","templated":true}]}}