{"id":99314,"date":"2026-04-27T11:50:45","date_gmt":"2026-04-27T08:50:45","guid":{"rendered":"https:\/\/www.egemtv.com\/?p=99314"},"modified":"2026-04-27T11:50:47","modified_gmt":"2026-04-27T08:50:47","slug":"germencikte-resim-kurslarina-yogun-ilgi","status":"publish","type":"post","link":"https:\/\/www.egemtv.com\/?p=99314","title":{"rendered":"Germencik\u2019te resim kurslar\u0131na yo\u011fun ilgi"},"content":{"rendered":"<p>Germencik Belediyesi taraf\u0131ndan d\u00fczenlenen resim kurslar\u0131, il\u00e7e genelinde vatanda\u015flar\u0131n yo\u011fun kat\u0131l\u0131m\u0131yla devam ediyor.<\/p>\n<p>Germencik Belediye Ba\u015fkan\u0131 Burak Zencirci, sanat\u00e7\u0131 Beg\u00fcm Tosun Ak\u0131n e\u011fitmenli\u011finde y\u00fcr\u00fct\u00fclen kurslar\u0131n Germencik Merkez ve Ortaklar Mahallesi\u2019nde s\u00fcrd\u00fc\u011f\u00fcn\u00fc belirtti. Ba\u015fkan Zencirci, kurslara g\u00f6sterilen ilgiden memnuniyet duyduklar\u0131n\u0131 ifade ederek, &#8220;Sanat\u00e7\u0131 Beg\u00fcm Tosun Ak\u0131n\u2019\u0131n e\u011fitmenli\u011finde s\u00fcrd\u00fcrd\u00fc\u011f\u00fcm\u00fcz resim kurslar\u0131m\u0131z, Germencik Merkez ve Ortaklar Mahallemizde hem\u015fehrilerimizin yo\u011fun ilgisiyle devam ediyor. Bireysel geli\u015fimi destekleyen, halk\u0131m\u0131z\u0131n sosyalle\u015fmesine vesile olan projeler \u00fcretmekten b\u00fcy\u00fck bir sevin\u00e7 duyuyoruz&#8221; dedi.<br \/><\/p>\n","protected":false},"excerpt":{"rendered":"<p>Germencik Belediyesi taraf\u0131ndan d\u00fczenlenen resim kurslar\u0131, il\u00e7e genelinde vatanda\u015flar\u0131n yo\u011fun kat\u0131l\u0131m\u0131yla devam ediyor. Germencik Belediye Ba\u015fkan\u0131 Burak Zencirci, sanat\u00e7\u0131 Beg\u00fcm Tosun Ak\u0131n e\u011fitmenli\u011finde y\u00fcr\u00fct\u00fclen kurslar\u0131n Germencik Merkez ve Ortaklar Mahallesi\u2019nde s\u00fcrd\u00fc\u011f\u00fcn\u00fc belirtti. Ba\u015fkan Zencirci, kurslara g\u00f6sterilen ilgiden memnuniyet duyduklar\u0131n\u0131 ifade ederek, &#8220;Sanat\u00e7\u0131 Beg\u00fcm Tosun Ak\u0131n\u2019\u0131n e\u011fitmenli\u011finde s\u00fcrd\u00fcrd\u00fc\u011f\u00fcm\u00fcz resim kurslar\u0131m\u0131z, Germencik Merkez ve Ortaklar Mahallemizde hem\u015fehrilerimizin&#8230;<\/p>\n","protected":false},"author":1,"featured_media":99315,"comment_status":"open","ping_status":"open","sticky":false,"template":"","format":"standard","meta":{"_crdt_document":"","footnotes":""},"categories":[1],"tags":[],"class_list":["post-99314","post","type-post","status-publish","format-standard","has-post-thumbnail","hentry","category-guncel"],"_links":{"self":[{"href":"https:\/\/www.egemtv.com\/index.php?rest_route=\/wp\/v2\/posts\/99314","targetHints":{"allow":["GET"]}}],"collection":[{"href":"https:\/\/www.egemtv.com\/index.php?rest_route=\/wp\/v2\/posts"}],"about":[{"href":"https:\/\/www.egemtv.com\/index.php?rest_route=\/wp\/v2\/types\/post"}],"author":[{"embeddable":true,"href":"https:\/\/www.egemtv.com\/index.php?rest_route=\/wp\/v2\/users\/1"}],"replies":[{"embeddable":true,"href":"https:\/\/www.egemtv.com\/index.php?rest_route=%2Fwp%2Fv2%2Fcomments&post=99314"}],"version-history":[{"count":1,"href":"https:\/\/www.egemtv.com\/index.php?rest_route=\/wp\/v2\/posts\/99314\/revisions"}],"predecessor-version":[{"id":99316,"href":"https:\/\/www.egemtv.com\/index.php?rest_route=\/wp\/v2\/posts\/99314\/revisions\/99316"}],"wp:featuredmedia":[{"embeddable":true,"href":"https:\/\/www.egemtv.com\/index.php?rest_route=\/wp\/v2\/media\/99315"}],"wp:attachment":[{"href":"https:\/\/www.egemtv.com\/index.php?rest_route=%2Fwp%2Fv2%2Fmedia&parent=99314"}],"wp:term":[{"taxonomy":"category","embeddable":true,"href":"https:\/\/www.egemtv.com\/index.php?rest_route=%2Fwp%2Fv2%2Fcategories&post=99314"},{"taxonomy":"post_tag","embeddable":true,"href":"https:\/\/www.egemtv.com\/index.php?rest_route=%2Fwp%2Fv2%2Ftags&post=99314"}],"curies":[{"name":"wp","href":"https:\/\/api.w.org\/{rel}","templated":true}]}}