{"id":99311,"date":"2026-04-27T11:50:44","date_gmt":"2026-04-27T08:50:44","guid":{"rendered":"https:\/\/www.egemtv.com\/?p=99311"},"modified":"2026-04-27T11:50:45","modified_gmt":"2026-04-27T08:50:45","slug":"denizlide-anemon-lalesi-yetisti","status":"publish","type":"post","link":"https:\/\/www.egemtv.com\/?p=99311","title":{"rendered":"Denizli\u2019de anemon lalesi yeti\u015fti"},"content":{"rendered":"<p>Denizli\u2019nin Buldan il\u00e7esi T\u00fcrl\u00fcbey Mahallesi\u2019nde, endemik bir bitki t\u00fcr\u00fc olan ve halk aras\u0131nda anemon lalesi olarak bilinen lale g\u00f6r\u00fcld\u00fc. Mahalle Muhtar\u0131 \u0130mdat Karata\u015f, bitkinin korunmas\u0131 ve tan\u0131t\u0131lmas\u0131 i\u00e7in \u00e7al\u0131\u015fma yap\u0131lmas\u0131n\u0131 istediklerini s\u00f6yledi.<br \/>\n<br \/>Buldan\u2019a ba\u011fl\u0131 T\u00fcrl\u00fcbey Mahallesindeki \u00c7a\u011f\u0131ll\u0131 ve K\u0131z\u0131lg\u00f6l mevkilerinde g\u00f6r\u00fclen bitki, b\u00f6lgede heyecan olu\u015fturdu.<br \/>\n<br \/>T\u00fcrl\u00fcbey Mahallesi Muhtar\u0131 \u0130mdat Karata\u015f, b\u00f6lgede yapt\u0131klar\u0131 ara\u015ft\u0131rmalar s\u0131ras\u0131nda ender rastlanan anemon lalesini tespit ettiklerini belirterek, bitkinin \u00e7ok k\u0131ymetli ve korunmas\u0131 gereken bir t\u00fcr oldu\u011funu ifade etti.<br \/>\n<br \/>Karata\u015f, &#8220;B\u00f6lgede yapt\u0131\u011f\u0131m\u0131z ara\u015ft\u0131rmada ender g\u00f6r\u00fclen anemon lalesinin oldu\u011funu g\u00f6rd\u00fck. \u00c7ok k\u0131ymetli ve korunmas\u0131 gereken bir bitki oldu\u011funu biliyoruz. Mahallemiz Manisa Sar\u0131g\u00f6l\u2019e yak\u0131n. Hemen hemen ayn\u0131 co\u011frafyada anemon lalesinin yeti\u015fti\u011fini \u00f6\u011frendik. Buldan \u0130l\u00e7e Tar\u0131m M\u00fcd\u00fcrl\u00fc\u011f\u00fc taraf\u0131ndan yap\u0131lacak \u00e7al\u0131\u015fmalar ile anemon lalesimizin tan\u0131t\u0131lmas\u0131 i\u00e7in biz de katk\u0131 koymak istiyoruz&#8221; dedi.<br \/>\n<br \/>B\u00f6lgedeki do\u011fal zenginliklerden biri olarak dikkat \u00e7eken anemon lalesinin korunmas\u0131 ve tan\u0131t\u0131lmas\u0131 ad\u0131na ilgili kurumlar\u0131n \u00e7al\u0131\u015fma yapmas\u0131 bekleniyor.<br \/><\/p>\n","protected":false},"excerpt":{"rendered":"<p>Denizli\u2019nin Buldan il\u00e7esi T\u00fcrl\u00fcbey Mahallesi\u2019nde, endemik bir bitki t\u00fcr\u00fc olan ve halk aras\u0131nda anemon lalesi olarak bilinen lale g\u00f6r\u00fcld\u00fc. Mahalle Muhtar\u0131 \u0130mdat Karata\u015f, bitkinin korunmas\u0131 ve tan\u0131t\u0131lmas\u0131 i\u00e7in \u00e7al\u0131\u015fma yap\u0131lmas\u0131n\u0131 istediklerini s\u00f6yledi. Buldan\u2019a ba\u011fl\u0131 T\u00fcrl\u00fcbey Mahallesindeki \u00c7a\u011f\u0131ll\u0131 ve K\u0131z\u0131lg\u00f6l mevkilerinde g\u00f6r\u00fclen bitki, b\u00f6lgede heyecan olu\u015fturdu. T\u00fcrl\u00fcbey Mahallesi Muhtar\u0131 \u0130mdat Karata\u015f, b\u00f6lgede yapt\u0131klar\u0131 ara\u015ft\u0131rmalar s\u0131ras\u0131nda ender&#8230;<\/p>\n","protected":false},"author":1,"featured_media":99312,"comment_status":"open","ping_status":"open","sticky":false,"template":"","format":"standard","meta":{"_crdt_document":"","footnotes":""},"categories":[1],"tags":[],"class_list":["post-99311","post","type-post","status-publish","format-standard","has-post-thumbnail","hentry","category-guncel"],"_links":{"self":[{"href":"https:\/\/www.egemtv.com\/index.php?rest_route=\/wp\/v2\/posts\/99311","targetHints":{"allow":["GET"]}}],"collection":[{"href":"https:\/\/www.egemtv.com\/index.php?rest_route=\/wp\/v2\/posts"}],"about":[{"href":"https:\/\/www.egemtv.com\/index.php?rest_route=\/wp\/v2\/types\/post"}],"author":[{"embeddable":true,"href":"https:\/\/www.egemtv.com\/index.php?rest_route=\/wp\/v2\/users\/1"}],"replies":[{"embeddable":true,"href":"https:\/\/www.egemtv.com\/index.php?rest_route=%2Fwp%2Fv2%2Fcomments&post=99311"}],"version-history":[{"count":1,"href":"https:\/\/www.egemtv.com\/index.php?rest_route=\/wp\/v2\/posts\/99311\/revisions"}],"predecessor-version":[{"id":99313,"href":"https:\/\/www.egemtv.com\/index.php?rest_route=\/wp\/v2\/posts\/99311\/revisions\/99313"}],"wp:featuredmedia":[{"embeddable":true,"href":"https:\/\/www.egemtv.com\/index.php?rest_route=\/wp\/v2\/media\/99312"}],"wp:attachment":[{"href":"https:\/\/www.egemtv.com\/index.php?rest_route=%2Fwp%2Fv2%2Fmedia&parent=99311"}],"wp:term":[{"taxonomy":"category","embeddable":true,"href":"https:\/\/www.egemtv.com\/index.php?rest_route=%2Fwp%2Fv2%2Fcategories&post=99311"},{"taxonomy":"post_tag","embeddable":true,"href":"https:\/\/www.egemtv.com\/index.php?rest_route=%2Fwp%2Fv2%2Ftags&post=99311"}],"curies":[{"name":"wp","href":"https:\/\/api.w.org\/{rel}","templated":true}]}}