{"id":99302,"date":"2026-04-27T11:15:48","date_gmt":"2026-04-27T08:15:48","guid":{"rendered":"https:\/\/www.egemtv.com\/?p=99302"},"modified":"2026-04-27T11:15:50","modified_gmt":"2026-04-27T08:15:50","slug":"koskte-ureticilere-buzagi-olumleri-ve-ureme-verimliligi-egitimi","status":"publish","type":"post","link":"https:\/\/www.egemtv.com\/?p=99302","title":{"rendered":"K\u00f6\u015fk\u2019te \u00fcreticilere buza\u011f\u0131 \u00f6l\u00fcmleri ve \u00fcreme verimlili\u011fi e\u011fitimi"},"content":{"rendered":"<p>Ayd\u0131n\u2019\u0131n K\u00f6\u015fk il\u00e7esinde \u00fcreticilere y\u00f6nelik d\u00fczenlenen e\u011fitimde buza\u011f\u0131 \u00f6l\u00fcmlerinin azalt\u0131lmas\u0131 ve \u00fcreme verimlili\u011fi konular\u0131 anlat\u0131ld\u0131.<br \/>\n<br \/>K\u00f6\u015fk \u0130l\u00e7e Tar\u0131m ve Orman M\u00fcd\u00fcrl\u00fc\u011f\u00fc taraf\u0131ndan \u00fcreticilere y\u00f6nelik e\u011fitim toplant\u0131s\u0131 ger\u00e7ekle\u015ftirildi. \u0130l\u00e7e M\u00fcd\u00fcrl\u00fc\u011f\u00fc toplant\u0131 salonunda d\u00fczenlenen e\u011fitimde, konu uzman\u0131 veteriner hekimler taraf\u0131ndan &#8220;Buza\u011f\u0131 \u00d6l\u00fcmlerinin Azalt\u0131lmas\u0131 ve \u00dcreme Verimlili\u011fi&#8221; konular\u0131nda bilgilendirme yap\u0131ld\u0131. E\u011fitim kapsam\u0131nda \u00fcreticilere, buza\u011f\u0131 kay\u0131plar\u0131n\u0131n \u00f6nlenmesine y\u00f6nelik bak\u0131m ve besleme y\u00f6ntemleri ile hayvanlarda \u00fcreme verimlili\u011finin art\u0131r\u0131lmas\u0131na ili\u015fkin uygulamalar aktar\u0131ld\u0131. Toplant\u0131, \u00fcreticilerin sorular\u0131n\u0131n cevapland\u0131r\u0131lmas\u0131n\u0131n ard\u0131ndan sona erdi.<br \/>\n<br \/>Konu ile ilgili K\u00f6\u015fk \u0130l\u00e7e Tar\u0131m ve Orman M\u00fcd\u00fcrl\u00fc\u011f\u00fc\u2019nden yap\u0131lan a\u00e7\u0131klamada &#8220;\u0130l\u00e7e m\u00fcd\u00fcrl\u00fc\u011f\u00fcm\u00fcz toplant\u0131 salonunda konu uzman\u0131 veteriner hekimlerimizce \u2019Buza\u011f\u0131 \u00d6l\u00fcmlerinin Azalt\u0131lmas\u0131 ve \u00dcreme Verimlili\u011fi\u2019 konusunda il\u00e7emizde bulunan \u00fcreticilerimize y\u00f6nelik e\u011fitim toplant\u0131s\u0131 ger\u00e7ekle\u015ftirilmi\u015ftir&#8221; ifadeleri yer ald\u0131.<br \/><\/p>\n","protected":false},"excerpt":{"rendered":"<p>Ayd\u0131n\u2019\u0131n K\u00f6\u015fk il\u00e7esinde \u00fcreticilere y\u00f6nelik d\u00fczenlenen e\u011fitimde buza\u011f\u0131 \u00f6l\u00fcmlerinin azalt\u0131lmas\u0131 ve \u00fcreme verimlili\u011fi konular\u0131 anlat\u0131ld\u0131. K\u00f6\u015fk \u0130l\u00e7e Tar\u0131m ve Orman M\u00fcd\u00fcrl\u00fc\u011f\u00fc taraf\u0131ndan \u00fcreticilere y\u00f6nelik e\u011fitim toplant\u0131s\u0131 ger\u00e7ekle\u015ftirildi. \u0130l\u00e7e M\u00fcd\u00fcrl\u00fc\u011f\u00fc toplant\u0131 salonunda d\u00fczenlenen e\u011fitimde, konu uzman\u0131 veteriner hekimler taraf\u0131ndan &#8220;Buza\u011f\u0131 \u00d6l\u00fcmlerinin Azalt\u0131lmas\u0131 ve \u00dcreme Verimlili\u011fi&#8221; konular\u0131nda bilgilendirme yap\u0131ld\u0131. E\u011fitim kapsam\u0131nda \u00fcreticilere, buza\u011f\u0131 kay\u0131plar\u0131n\u0131n \u00f6nlenmesine y\u00f6nelik bak\u0131m&#8230;<\/p>\n","protected":false},"author":1,"featured_media":99303,"comment_status":"open","ping_status":"open","sticky":false,"template":"","format":"standard","meta":{"_crdt_document":"","footnotes":""},"categories":[1],"tags":[],"class_list":["post-99302","post","type-post","status-publish","format-standard","has-post-thumbnail","hentry","category-guncel"],"_links":{"self":[{"href":"https:\/\/www.egemtv.com\/index.php?rest_route=\/wp\/v2\/posts\/99302","targetHints":{"allow":["GET"]}}],"collection":[{"href":"https:\/\/www.egemtv.com\/index.php?rest_route=\/wp\/v2\/posts"}],"about":[{"href":"https:\/\/www.egemtv.com\/index.php?rest_route=\/wp\/v2\/types\/post"}],"author":[{"embeddable":true,"href":"https:\/\/www.egemtv.com\/index.php?rest_route=\/wp\/v2\/users\/1"}],"replies":[{"embeddable":true,"href":"https:\/\/www.egemtv.com\/index.php?rest_route=%2Fwp%2Fv2%2Fcomments&post=99302"}],"version-history":[{"count":1,"href":"https:\/\/www.egemtv.com\/index.php?rest_route=\/wp\/v2\/posts\/99302\/revisions"}],"predecessor-version":[{"id":99304,"href":"https:\/\/www.egemtv.com\/index.php?rest_route=\/wp\/v2\/posts\/99302\/revisions\/99304"}],"wp:featuredmedia":[{"embeddable":true,"href":"https:\/\/www.egemtv.com\/index.php?rest_route=\/wp\/v2\/media\/99303"}],"wp:attachment":[{"href":"https:\/\/www.egemtv.com\/index.php?rest_route=%2Fwp%2Fv2%2Fmedia&parent=99302"}],"wp:term":[{"taxonomy":"category","embeddable":true,"href":"https:\/\/www.egemtv.com\/index.php?rest_route=%2Fwp%2Fv2%2Fcategories&post=99302"},{"taxonomy":"post_tag","embeddable":true,"href":"https:\/\/www.egemtv.com\/index.php?rest_route=%2Fwp%2Fv2%2Ftags&post=99302"}],"curies":[{"name":"wp","href":"https:\/\/api.w.org\/{rel}","templated":true}]}}