{"id":99299,"date":"2026-04-27T11:15:46","date_gmt":"2026-04-27T08:15:46","guid":{"rendered":"https:\/\/www.egemtv.com\/?p=99299"},"modified":"2026-04-27T11:15:47","modified_gmt":"2026-04-27T08:15:47","slug":"denizli-azman-guvercinleri-guzellikleriyle-mest-etti","status":"publish","type":"post","link":"https:\/\/www.egemtv.com\/?p=99299","title":{"rendered":"Denizli azman g\u00fcvercinleri g\u00fczellikleriyle mest etti"},"content":{"rendered":"<p>Denizli\u2019nin endemik de\u011ferlerinden biri olan Denizli Azman G\u00fcvercinleri, bu y\u0131l 13\u2019\u00fcnc\u00fcs\u00fc d\u00fczenlenen Irk G\u00fczelli\u011fi Yar\u0131\u015fmas\u0131nda g\u00f6r\u00fcc\u00fcye \u00e7\u0131kt\u0131. Yo\u011fun kat\u0131l\u0131mla ger\u00e7ekle\u015fen organizasyonda, farkl\u0131 kategorilerde dereceye giren yeti\u015ftiriciler \u00f6d\u00fcllerini ald\u0131.<\/p>\n<p>Denizli\u2019nin y\u00fczy\u0131llard\u0131r \u00f6zenle yeti\u015ftirilen endemik de\u011ferlerinden biri olan Denizli Azman G\u00fcvercinleri, 13. Irk G\u00fczelli\u011fi Yar\u0131\u015fmas\u0131 kapsam\u0131nda j\u00fcri kar\u015f\u0131s\u0131na \u00e7\u0131kt\u0131. Denizli\u2019ye \u00f6zg\u00fc d\u00f6rt endemik g\u00fcvercin \u0131rk\u0131ndan biri olan Denizli Azman\u0131, estetik g\u00f6r\u00fcn\u00fcm\u00fc, g\u00fc\u00e7l\u00fc duru\u015fu ve u\u00e7u\u015f karakteristi\u011fiyle bir kez daha ilgi oda\u011f\u0131 oldu. D\u00fczenlenen yar\u0131\u015fmaya kat\u0131lan ku\u015flar; Beyaz, Kesme Kuyruk ve Ciba kategorilerinde, gen\u00e7 ve kart (yeti\u015fkin) di\u015fi-erkek gruplar\u0131nda de\u011ferlendirildi. Alan\u0131nda uzman isimlerden olu\u015fan hakem heyeti, g\u00fcvercinleri aerodinamik yap\u0131, renk d\u00fczeni ve \u0131rk standartlar\u0131na uygunluk a\u00e7\u0131s\u0131ndan titizlikle inceledi.<\/p>\n<p>Hakem Heyeti \u00dcyesi Dr. Hayri \u00dcn, yar\u0131\u015fman\u0131n yaln\u0131zca bir organizasyon de\u011fil ayn\u0131 zamanda k\u00fclt\u00fcrel miras\u0131 koruma projesi oldu\u011funu belirterek, Denizli Azman G\u00fcvercinleri\u2019nin ge\u00e7mi\u015ften emanet kalan \u00f6nemli bir genetik de\u011fer oldu\u011funu s\u00f6yledi. \u00dcn, yeti\u015ftiricilerin her ge\u00e7en y\u0131l daha bilin\u00e7li hale geldi\u011fini ve \u0131rk \u00f6zelliklerinin ba\u015far\u0131yla korundu\u011funu ifade etti.<\/p>\n<p>Yar\u0131\u015fma sonu\u00e7lar\u0131na g\u00f6re Beyaz Kategorisi Kart Erkeklerde Ayberk T\u00fcremen birinci, Kemal G\u00f6\u00e7o\u011flu ikinci, Mehmet Alaba\u015f \u00fc\u00e7\u00fcnc\u00fc olurken; Kart Di\u015filerde Seven \u015eahal birinci ve \u00fc\u00e7\u00fcnc\u00fc, Abdullah Temiz ikinci s\u0131rada yer ald\u0131. Gen\u00e7 Beyaz Erkeklerde Abdullah Temiz birincilik ve \u00fc\u00e7\u00fcnc\u00fcl\u00fck elde ederken, Seven \u015eahal ikinci oldu. Kesme Kuyruk Kategorisi Kart Erkeklerde Mehmet Ergen birinci, Seven \u015eahal ikinci, Ayberk T\u00fcremen \u00fc\u00e7\u00fcnc\u00fc olurken; Kart Di\u015filerde Kemal G\u00f6\u00e7o\u011flu birinci, Ayberk T\u00fcremen ikinci, Burak Gemici \u00fc\u00e7\u00fcnc\u00fc s\u0131rada yer ald\u0131. Gen\u00e7 Erkeklerde Abdullah Temiz \u00fc\u00e7\u00fcnc\u00fc olurken, Gen\u00e7 Di\u015filerde Seven \u015eahal birincilik elde etti. Ciba Kategorisi Kart Erkeklerde Oktay B\u0131tikta\u015f birinci ve \u00fc\u00e7\u00fcnc\u00fc, Mehmet Ko\u00e7er ikinci, Abdullah Temiz d\u00f6rd\u00fcnc\u00fc olurken; Kart Di\u015filerde Burak Gemici birinci ve ikinci s\u0131ray\u0131 ald\u0131. Gen\u00e7 Erkeklerde \u0130smail T\u0131naztepe \u00fc\u00e7\u00fcnc\u00fc, Gen\u00e7 Di\u015filerde ise Abdullah Temiz \u00fc\u00e7\u00fcnc\u00fc oldu. Hakem Te\u015fvik \u00d6d\u00fcllerinde ise G\u00f6k Kuyruk Kart Erkek kategorisinde Mehmet Ergen, Ciba Gen\u00e7 Erkek kategorisinde \u0130smail T\u0131naztepe \u00f6d\u00fcle lay\u0131k g\u00f6r\u00fcld\u00fc.<\/p>\n<p>Yo\u011fun kat\u0131l\u0131mla ger\u00e7ekle\u015fen yar\u0131\u015fma, Denizli\u2019nin \u00f6nemli genetik miraslar\u0131ndan biri olan Azman g\u00fcvercinlerinin gelecek nesillere aktar\u0131lmas\u0131 ad\u0131na \u00f6nemli bir organizasyon olarak de\u011ferlendirildi.<br \/><\/p>\n","protected":false},"excerpt":{"rendered":"<p>Denizli\u2019nin endemik de\u011ferlerinden biri olan Denizli Azman G\u00fcvercinleri, bu y\u0131l 13\u2019\u00fcnc\u00fcs\u00fc d\u00fczenlenen Irk G\u00fczelli\u011fi Yar\u0131\u015fmas\u0131nda g\u00f6r\u00fcc\u00fcye \u00e7\u0131kt\u0131. Yo\u011fun kat\u0131l\u0131mla ger\u00e7ekle\u015fen organizasyonda, farkl\u0131 kategorilerde dereceye giren yeti\u015ftiriciler \u00f6d\u00fcllerini ald\u0131. Denizli\u2019nin y\u00fczy\u0131llard\u0131r \u00f6zenle yeti\u015ftirilen endemik de\u011ferlerinden biri olan Denizli Azman G\u00fcvercinleri, 13. Irk G\u00fczelli\u011fi Yar\u0131\u015fmas\u0131 kapsam\u0131nda j\u00fcri kar\u015f\u0131s\u0131na \u00e7\u0131kt\u0131. Denizli\u2019ye \u00f6zg\u00fc d\u00f6rt endemik g\u00fcvercin \u0131rk\u0131ndan biri olan&#8230;<\/p>\n","protected":false},"author":1,"featured_media":99300,"comment_status":"open","ping_status":"open","sticky":false,"template":"","format":"standard","meta":{"_crdt_document":"","footnotes":""},"categories":[1],"tags":[],"class_list":["post-99299","post","type-post","status-publish","format-standard","has-post-thumbnail","hentry","category-guncel"],"_links":{"self":[{"href":"https:\/\/www.egemtv.com\/index.php?rest_route=\/wp\/v2\/posts\/99299","targetHints":{"allow":["GET"]}}],"collection":[{"href":"https:\/\/www.egemtv.com\/index.php?rest_route=\/wp\/v2\/posts"}],"about":[{"href":"https:\/\/www.egemtv.com\/index.php?rest_route=\/wp\/v2\/types\/post"}],"author":[{"embeddable":true,"href":"https:\/\/www.egemtv.com\/index.php?rest_route=\/wp\/v2\/users\/1"}],"replies":[{"embeddable":true,"href":"https:\/\/www.egemtv.com\/index.php?rest_route=%2Fwp%2Fv2%2Fcomments&post=99299"}],"version-history":[{"count":1,"href":"https:\/\/www.egemtv.com\/index.php?rest_route=\/wp\/v2\/posts\/99299\/revisions"}],"predecessor-version":[{"id":99301,"href":"https:\/\/www.egemtv.com\/index.php?rest_route=\/wp\/v2\/posts\/99299\/revisions\/99301"}],"wp:featuredmedia":[{"embeddable":true,"href":"https:\/\/www.egemtv.com\/index.php?rest_route=\/wp\/v2\/media\/99300"}],"wp:attachment":[{"href":"https:\/\/www.egemtv.com\/index.php?rest_route=%2Fwp%2Fv2%2Fmedia&parent=99299"}],"wp:term":[{"taxonomy":"category","embeddable":true,"href":"https:\/\/www.egemtv.com\/index.php?rest_route=%2Fwp%2Fv2%2Fcategories&post=99299"},{"taxonomy":"post_tag","embeddable":true,"href":"https:\/\/www.egemtv.com\/index.php?rest_route=%2Fwp%2Fv2%2Ftags&post=99299"}],"curies":[{"name":"wp","href":"https:\/\/api.w.org\/{rel}","templated":true}]}}