{"id":99296,"date":"2026-04-27T11:15:44","date_gmt":"2026-04-27T08:15:44","guid":{"rendered":"https:\/\/www.egemtv.com\/?p=99296"},"modified":"2026-04-27T11:15:46","modified_gmt":"2026-04-27T08:15:46","slug":"acipayamda-binlerce-kisi-anma-programinda-bulustu","status":"publish","type":"post","link":"https:\/\/www.egemtv.com\/?p=99296","title":{"rendered":"Ac\u0131payam\u2019da binlerce ki\u015fi anma program\u0131nda bulu\u015ftu"},"content":{"rendered":"<p>Denizli\u2019nin Ac\u0131payam il\u00e7esinde, 18 Mart \u00c7anakkale Zaferi ve \u015eehitleri Anma G\u00fcn\u00fc dolay\u0131s\u0131yla d\u00fczenlenen kapsaml\u0131 program, binlerce vatanda\u015f\u0131n kat\u0131l\u0131m\u0131yla ger\u00e7ekle\u015ftirildi. Mehteran konserinden Y\u00f6r\u00fck k\u00fclt\u00fcr\u00fc canland\u0131rmalar\u0131na, fidan da\u011f\u0131t\u0131m\u0131ndan kan ba\u011f\u0131\u015f\u0131na kadar pek \u00e7ok etkinli\u011fin yer ald\u0131\u011f\u0131 programda \u00c7anakkale ruhu yeniden ya\u015fat\u0131ld\u0131.<\/p>\n<p>Ac\u0131payam, 18 Mart \u00c7anakkale Zaferi\u2019nin y\u0131l d\u00f6n\u00fcm\u00fcnde anlaml\u0131 bir organizasyona ev sahipli\u011fi yapt\u0131. Ac\u0131payam Y\u00f6r\u00fckler Derne\u011fi \u00f6nc\u00fcl\u00fc\u011f\u00fcnde, eski H\u00fck\u00fcmet Kona\u011f\u0131 meydan\u0131nda d\u00fczenlenen etkinlikler g\u00fcn boyu s\u00fcrd\u00fc. \u0130l\u00e7e halk\u0131n\u0131n yo\u011fun ilgi g\u00f6sterdi\u011fi program, hem duygusal anlara hem de renkli g\u00f6r\u00fcnt\u00fclere sahne oldu. \u00d6\u011fle saatlerinde mehter tak\u0131m\u0131n\u0131n g\u00f6rkemli konseriyle ba\u015flayan programda, seslendirilen mar\u015flar kat\u0131l\u0131mc\u0131lara duygu dolu anlar ya\u015fatt\u0131. Meydanda kurulan tematik alanlarda ise Y\u00f6r\u00fck k\u00fclt\u00fcr\u00fcne dair geleneksel izler sergilendi. Deve, at ve e\u015feklerle yap\u0131lan canland\u0131rmalar, geleneksel ya\u015fam k\u00fclt\u00fcr\u00fcn\u00fc g\u00fcn\u00fcm\u00fcze ta\u015f\u0131rken, \u00f6zellikle \u00e7ocuklar\u0131n ve gen\u00e7lerin ilgisini \u00e7ekti. Anma program\u0131 sadece k\u00fclt\u00fcrel etkinliklerle s\u0131n\u0131rl\u0131 kalmay\u0131p sosyal sorumluluk projeleriyle de desteklendi. Orman M\u00fcd\u00fcrl\u00fc\u011f\u00fc taraf\u0131ndan etkinlik alan\u0131nda vatanda\u015flara binlerce \u00fccretsiz fidan da\u011f\u0131t\u0131m\u0131 yap\u0131larak do\u011fa sevgisine dikkat \u00e7ekildi. T\u00fcrk K\u0131z\u0131lay\u0131 taraf\u0131ndan kurulan stantta g\u00f6n\u00fcll\u00fc vatanda\u015flar kan ba\u011f\u0131\u015f\u0131nda bulunarak \u00f6rnek bir dayan\u0131\u015fma sergiledi.<\/p>\n<p>Program\u0131n manevi atmosferi, okunan Kur\u2019an-\u0131 Kerim tilaveti ile zirveye ula\u015ft\u0131. Aziz \u015fehitler ve ebediyete irtihal eden kahraman gaziler i\u00e7in Mevlid-i \u015eerif okunarak dualar edildi. Kat\u0131l\u0131mc\u0131lar\u0131n hep birlikte el a\u00e7t\u0131\u011f\u0131 anma program\u0131, milli birlik ve beraberlik mesajlar\u0131yla sona erdi. G\u00fcn\u00fcn an\u0131s\u0131na d\u00fczenlenen etkinlikler, Ac\u0131payam\u2019da \u00c7anakkale Zaferi\u2019nin asl\u0131na uygun bir h\u00fcrmet ve co\u015fkuyla an\u0131lmas\u0131n\u0131 sa\u011flad\u0131.<\/p>\n<p>&#8220;Ge\u00e7mi\u015ften ald\u0131\u011f\u0131m\u0131z miras\u0131 gelece\u011fe ta\u015f\u0131ma sorumlulu\u011fumuzun bir g\u00f6stergesidir&#8221;<br \/>\n<br \/>Anma etkinli\u011finde olu\u015fan birlik ve beraberlik tablosunun millet olarak g\u00fc\u00e7l\u00fc bir ba\u011fa sahip olundu\u011funun g\u00f6stergesi oldu\u011funu ifade eden Ac\u0131payam Y\u00f6r\u00fckler Derne\u011fi Ba\u015fkan\u0131 Ay\u015fe \u00d6zent\u00fcrk, &#8220;Bu program sadece bir anma de\u011fil; ge\u00e7mi\u015ften ald\u0131\u011f\u0131m\u0131z miras\u0131 gelece\u011fe ta\u015f\u0131ma sorumlulu\u011fumuzun bir g\u00f6stergesidir. Bu vatan u\u011fruna can veren aziz \u015fehitlerimizi unutmamak ve onlar\u0131n emanetine sahip \u00e7\u0131kmak hepimizin ortak g\u00f6revidir. Bug\u00fcn burada olu\u015fan birlik ve beraberlik tablosu, milletimizin ne kadar g\u00fc\u00e7l\u00fc bir ba\u011fa sahip oldu\u011funu bir kez daha g\u00f6stermi\u015ftir. Davetimize icabet ederek uzaktan yak\u0131ndan program\u0131m\u0131za kat\u0131lmak i\u00e7in il\u00e7emize gelen herkese \u00e7ok te\u015fekk\u00fcr ediyorum, in\u015fallah gelecek y\u0131llarda da bu anma etkinli\u011fimizi d\u00fczenlemeye devam edece\u011fiz. Program\u0131n haz\u0131rlanmas\u0131nda eme\u011fi ge\u00e7en t\u00fcm dernek \u00fcyelerime, hay\u0131r yeme\u011finin haz\u0131rlanmas\u0131nda katk\u0131 sunan t\u00fcm hay\u0131rseverlerimize de \u00e7ok te\u015fekk\u00fcr ediyorum. El birli\u011fi ile hem Y\u00f6r\u00fck k\u00fclt\u00fcr\u00fcm\u00fcz\u00fc ya\u015fatt\u0131k. Hem de aziz \u015fehitlerimizi sayg\u0131 ve dualarla bir kez daha yad ettik. Mekanlar\u0131 cennet olsun. Onlar\u0131 hi\u00e7bir zaman unutmayaca\u011f\u0131z &#8221; dedi.<\/p>\n<p>G\u00fcn boyunca devam eden etkinlikler kapsam\u0131nda vatanda\u015flara 10 bin ki\u015filik yemek ikram\u0131 da yap\u0131ld\u0131. \u0130kram alan\u0131nda, payla\u015fma ve dayan\u0131\u015fma k\u00fclt\u00fcr\u00fc \u00f6n plana \u00e7\u0131kt\u0131. Ac\u0131payam\u2019da d\u00fczenlenen bu kapsaml\u0131 anma program\u0131, \u00c7anakkale ruhunun yaln\u0131zca tarih sayfalar\u0131nda de\u011fil, toplumun ortak haf\u0131zas\u0131nda ve g\u00fcnl\u00fck ya\u015fam\u0131nda da canl\u0131 tutuldu\u011funu bir kez daha ortaya koydu. Etkinlik, farkl\u0131 kesimlerden insanlar\u0131 bir araya getirerek milli birlik ve beraberli\u011fin en g\u00fczel \u00f6rneklerinden birini sergiledi.<br \/><\/p>\n","protected":false},"excerpt":{"rendered":"<p>Denizli\u2019nin Ac\u0131payam il\u00e7esinde, 18 Mart \u00c7anakkale Zaferi ve \u015eehitleri Anma G\u00fcn\u00fc dolay\u0131s\u0131yla d\u00fczenlenen kapsaml\u0131 program, binlerce vatanda\u015f\u0131n kat\u0131l\u0131m\u0131yla ger\u00e7ekle\u015ftirildi. Mehteran konserinden Y\u00f6r\u00fck k\u00fclt\u00fcr\u00fc canland\u0131rmalar\u0131na, fidan da\u011f\u0131t\u0131m\u0131ndan kan ba\u011f\u0131\u015f\u0131na kadar pek \u00e7ok etkinli\u011fin yer ald\u0131\u011f\u0131 programda \u00c7anakkale ruhu yeniden ya\u015fat\u0131ld\u0131. Ac\u0131payam, 18 Mart \u00c7anakkale Zaferi\u2019nin y\u0131l d\u00f6n\u00fcm\u00fcnde anlaml\u0131 bir organizasyona ev sahipli\u011fi yapt\u0131. Ac\u0131payam Y\u00f6r\u00fckler Derne\u011fi&#8230;<\/p>\n","protected":false},"author":1,"featured_media":99297,"comment_status":"open","ping_status":"open","sticky":false,"template":"","format":"standard","meta":{"_crdt_document":"","footnotes":""},"categories":[1],"tags":[],"class_list":["post-99296","post","type-post","status-publish","format-standard","has-post-thumbnail","hentry","category-guncel"],"_links":{"self":[{"href":"https:\/\/www.egemtv.com\/index.php?rest_route=\/wp\/v2\/posts\/99296","targetHints":{"allow":["GET"]}}],"collection":[{"href":"https:\/\/www.egemtv.com\/index.php?rest_route=\/wp\/v2\/posts"}],"about":[{"href":"https:\/\/www.egemtv.com\/index.php?rest_route=\/wp\/v2\/types\/post"}],"author":[{"embeddable":true,"href":"https:\/\/www.egemtv.com\/index.php?rest_route=\/wp\/v2\/users\/1"}],"replies":[{"embeddable":true,"href":"https:\/\/www.egemtv.com\/index.php?rest_route=%2Fwp%2Fv2%2Fcomments&post=99296"}],"version-history":[{"count":1,"href":"https:\/\/www.egemtv.com\/index.php?rest_route=\/wp\/v2\/posts\/99296\/revisions"}],"predecessor-version":[{"id":99298,"href":"https:\/\/www.egemtv.com\/index.php?rest_route=\/wp\/v2\/posts\/99296\/revisions\/99298"}],"wp:featuredmedia":[{"embeddable":true,"href":"https:\/\/www.egemtv.com\/index.php?rest_route=\/wp\/v2\/media\/99297"}],"wp:attachment":[{"href":"https:\/\/www.egemtv.com\/index.php?rest_route=%2Fwp%2Fv2%2Fmedia&parent=99296"}],"wp:term":[{"taxonomy":"category","embeddable":true,"href":"https:\/\/www.egemtv.com\/index.php?rest_route=%2Fwp%2Fv2%2Fcategories&post=99296"},{"taxonomy":"post_tag","embeddable":true,"href":"https:\/\/www.egemtv.com\/index.php?rest_route=%2Fwp%2Fv2%2Ftags&post=99296"}],"curies":[{"name":"wp","href":"https:\/\/api.w.org\/{rel}","templated":true}]}}