{"id":99293,"date":"2026-04-27T10:40:50","date_gmt":"2026-04-27T07:40:50","guid":{"rendered":"https:\/\/www.egemtv.com\/?p=99293"},"modified":"2026-04-27T10:40:51","modified_gmt":"2026-04-27T07:40:51","slug":"kutahyada-da-15-faili-mechul-dosya-yeniden-aciliyor","status":"publish","type":"post","link":"https:\/\/www.egemtv.com\/?p=99293","title":{"rendered":"K\u00fctahya\u2019da da 15 faili me\u00e7hul dosya yeniden a\u00e7\u0131l\u0131yor"},"content":{"rendered":"<p>Adalet Bakanl\u0131\u011f\u0131\u2019na ba\u011fl\u0131 Ceza \u0130\u015fleri Genel M\u00fcd\u00fcrl\u00fc\u011f\u00fc b\u00fcnyesinde kurulan Faili Me\u00e7hul Su\u00e7lar\u0131 Ara\u015ft\u0131rma Daire Ba\u015fkanl\u0131\u011f\u0131 taraf\u0131ndan y\u00fcr\u00fct\u00fclen kapsaml\u0131 \u00e7al\u0131\u015fma \u00e7er\u00e7evesinde, K\u00fctahya\u2019da da 15 faili me\u00e7hul dosya yeniden a\u00e7\u0131lacak.<br \/>\n<br \/>Adalet Bakanl\u0131\u011f\u0131 taraf\u0131ndan faili me\u00e7hul dosyalar\u0131n yeniden incelenmesine y\u00f6nelik ba\u015flat\u0131lan \u00e7al\u0131\u015fma kapsam\u0131nda K\u00fctahya da kritik iller aras\u0131nda yer ald\u0131. Bakanl\u0131\u011fa ba\u011fl\u0131 Ceza \u0130\u015fleri Genel M\u00fcd\u00fcrl\u00fc\u011f\u00fc b\u00fcnyesinde kurulan Faili Me\u00e7hul Su\u00e7lar\u0131 Ara\u015ft\u0131rma Daire Ba\u015fkanl\u0131\u011f\u0131 taraf\u0131ndan y\u00fcr\u00fct\u00fclen kapsaml\u0131 \u00e7al\u0131\u015fma \u00e7er\u00e7evesinde, K\u00fctahya\u2019da da 15 faili me\u00e7hul dosya yeniden a\u00e7\u0131lacak.<br \/>\n<br \/>Yeniden inceleme s\u00fcrecinde, s\u00f6z konusu dosyalarla ba\u011flant\u0131l\u0131 15 maktule ili\u015fkin soru\u015fturmalar da detayl\u0131 \u015fekilde ele al\u0131nacak. Delillerin g\u00fcn\u00fcm\u00fcz teknolojisiyle tekrar de\u011ferlendirilmesi, yeni tan\u0131k ifadelerinin al\u0131nmas\u0131 ve gerekti\u011finde adli t\u0131p incelemelerinin yenilenmesi planlan\u0131yor.<br \/><\/p>\n","protected":false},"excerpt":{"rendered":"<p>Adalet Bakanl\u0131\u011f\u0131\u2019na ba\u011fl\u0131 Ceza \u0130\u015fleri Genel M\u00fcd\u00fcrl\u00fc\u011f\u00fc b\u00fcnyesinde kurulan Faili Me\u00e7hul Su\u00e7lar\u0131 Ara\u015ft\u0131rma Daire Ba\u015fkanl\u0131\u011f\u0131 taraf\u0131ndan y\u00fcr\u00fct\u00fclen kapsaml\u0131 \u00e7al\u0131\u015fma \u00e7er\u00e7evesinde, K\u00fctahya\u2019da da 15 faili me\u00e7hul dosya yeniden a\u00e7\u0131lacak. Adalet Bakanl\u0131\u011f\u0131 taraf\u0131ndan faili me\u00e7hul dosyalar\u0131n yeniden incelenmesine y\u00f6nelik ba\u015flat\u0131lan \u00e7al\u0131\u015fma kapsam\u0131nda K\u00fctahya da kritik iller aras\u0131nda yer ald\u0131. Bakanl\u0131\u011fa ba\u011fl\u0131 Ceza \u0130\u015fleri Genel M\u00fcd\u00fcrl\u00fc\u011f\u00fc b\u00fcnyesinde kurulan&#8230;<\/p>\n","protected":false},"author":1,"featured_media":99294,"comment_status":"open","ping_status":"open","sticky":false,"template":"","format":"standard","meta":{"_crdt_document":"","footnotes":""},"categories":[5],"tags":[],"class_list":["post-99293","post","type-post","status-publish","format-standard","has-post-thumbnail","hentry","category-asayis"],"_links":{"self":[{"href":"https:\/\/www.egemtv.com\/index.php?rest_route=\/wp\/v2\/posts\/99293","targetHints":{"allow":["GET"]}}],"collection":[{"href":"https:\/\/www.egemtv.com\/index.php?rest_route=\/wp\/v2\/posts"}],"about":[{"href":"https:\/\/www.egemtv.com\/index.php?rest_route=\/wp\/v2\/types\/post"}],"author":[{"embeddable":true,"href":"https:\/\/www.egemtv.com\/index.php?rest_route=\/wp\/v2\/users\/1"}],"replies":[{"embeddable":true,"href":"https:\/\/www.egemtv.com\/index.php?rest_route=%2Fwp%2Fv2%2Fcomments&post=99293"}],"version-history":[{"count":1,"href":"https:\/\/www.egemtv.com\/index.php?rest_route=\/wp\/v2\/posts\/99293\/revisions"}],"predecessor-version":[{"id":99295,"href":"https:\/\/www.egemtv.com\/index.php?rest_route=\/wp\/v2\/posts\/99293\/revisions\/99295"}],"wp:featuredmedia":[{"embeddable":true,"href":"https:\/\/www.egemtv.com\/index.php?rest_route=\/wp\/v2\/media\/99294"}],"wp:attachment":[{"href":"https:\/\/www.egemtv.com\/index.php?rest_route=%2Fwp%2Fv2%2Fmedia&parent=99293"}],"wp:term":[{"taxonomy":"category","embeddable":true,"href":"https:\/\/www.egemtv.com\/index.php?rest_route=%2Fwp%2Fv2%2Fcategories&post=99293"},{"taxonomy":"post_tag","embeddable":true,"href":"https:\/\/www.egemtv.com\/index.php?rest_route=%2Fwp%2Fv2%2Ftags&post=99293"}],"curies":[{"name":"wp","href":"https:\/\/api.w.org\/{rel}","templated":true}]}}