{"id":99290,"date":"2026-04-27T10:40:48","date_gmt":"2026-04-27T07:40:48","guid":{"rendered":"https:\/\/www.egemtv.com\/?p=99290"},"modified":"2026-04-27T10:40:49","modified_gmt":"2026-04-27T07:40:49","slug":"birlikte-alkol-alan-iki-arkadasin-kavgasinda-kan-akti-1-olu","status":"publish","type":"post","link":"https:\/\/www.egemtv.com\/?p=99290","title":{"rendered":"Birlikte alkol alan iki arkada\u015f\u0131n kavgas\u0131nda kan akt\u0131: 1 \u00f6l\u00fc"},"content":{"rendered":"<p>Denizli\u2019de birlikte alkol alan iki arkada\u015f\u0131n aras\u0131nda \u00e7\u0131kan tart\u0131\u015fma kavgaya d\u00f6n\u00fc\u015ft\u00fc. Tart\u0131\u015fma sonucu 62 ya\u015f\u0131ndaki adam arkada\u015f\u0131 taraf\u0131ndan silahla \u00f6ld\u00fcr\u00fcld\u00fc.<br \/>\n<br \/>Olay, Serinhisar il\u00e7esi Kocap\u0131nar Mahallesi\u2019nde meydana geldi. Edinilen bilgilere g\u00f6re, Erol Baysal (62), arkada\u015f\u0131 H\u00fcseyin D., ile birlikte kendi evinde alkol almaya ba\u015flad\u0131. Bir s\u00fcre sonra ikili aras\u0131nda ba\u015flayan s\u00f6zl\u00fc tart\u0131\u015fma kavgaya d\u00f6n\u00fc\u015ft\u00fc. H\u00fcseyin D., yan\u0131nda bulunan silahla arkada\u015f\u0131na pe\u015f pe\u015fe ate\u015f a\u00e7t\u0131. Silah seslerini duyan vatanda\u015flar\u0131n ihbar\u0131 \u00fczerine b\u00f6lgeye sa\u011fl\u0131k ve jandarma ekipleri sevk edildi. Sa\u011fl\u0131k ekipleri taraf\u0131ndan ilk m\u00fcdahalede bulunan Erol Baysal olay yerinde hayat\u0131n\u0131 kaybetti. \u015e\u00fcpheli H\u00fcseyin D., ise jandarma ekipleri taraf\u0131ndan g\u00f6zalt\u0131na al\u0131nd\u0131. Erol Baysal\u2019\u0131n cans\u0131z bedeni otopsi yap\u0131lmak \u00fczere Adli T\u0131p Kurumu Denizli Grup Ba\u015fkanl\u0131\u011f\u0131 morguna kald\u0131r\u0131ld\u0131.<br \/>\n<br \/>Olayla ilgili soru\u015fturma ba\u015flat\u0131ld\u0131.<br \/><\/p>\n","protected":false},"excerpt":{"rendered":"<p>Denizli\u2019de birlikte alkol alan iki arkada\u015f\u0131n aras\u0131nda \u00e7\u0131kan tart\u0131\u015fma kavgaya d\u00f6n\u00fc\u015ft\u00fc. Tart\u0131\u015fma sonucu 62 ya\u015f\u0131ndaki adam arkada\u015f\u0131 taraf\u0131ndan silahla \u00f6ld\u00fcr\u00fcld\u00fc. Olay, Serinhisar il\u00e7esi Kocap\u0131nar Mahallesi\u2019nde meydana geldi. Edinilen bilgilere g\u00f6re, Erol Baysal (62), arkada\u015f\u0131 H\u00fcseyin D., ile birlikte kendi evinde alkol almaya ba\u015flad\u0131. Bir s\u00fcre sonra ikili aras\u0131nda ba\u015flayan s\u00f6zl\u00fc tart\u0131\u015fma kavgaya d\u00f6n\u00fc\u015ft\u00fc. H\u00fcseyin D.,&#8230;<\/p>\n","protected":false},"author":1,"featured_media":99291,"comment_status":"open","ping_status":"open","sticky":false,"template":"","format":"standard","meta":{"_crdt_document":"","footnotes":""},"categories":[5],"tags":[],"class_list":["post-99290","post","type-post","status-publish","format-standard","has-post-thumbnail","hentry","category-asayis"],"_links":{"self":[{"href":"https:\/\/www.egemtv.com\/index.php?rest_route=\/wp\/v2\/posts\/99290","targetHints":{"allow":["GET"]}}],"collection":[{"href":"https:\/\/www.egemtv.com\/index.php?rest_route=\/wp\/v2\/posts"}],"about":[{"href":"https:\/\/www.egemtv.com\/index.php?rest_route=\/wp\/v2\/types\/post"}],"author":[{"embeddable":true,"href":"https:\/\/www.egemtv.com\/index.php?rest_route=\/wp\/v2\/users\/1"}],"replies":[{"embeddable":true,"href":"https:\/\/www.egemtv.com\/index.php?rest_route=%2Fwp%2Fv2%2Fcomments&post=99290"}],"version-history":[{"count":1,"href":"https:\/\/www.egemtv.com\/index.php?rest_route=\/wp\/v2\/posts\/99290\/revisions"}],"predecessor-version":[{"id":99292,"href":"https:\/\/www.egemtv.com\/index.php?rest_route=\/wp\/v2\/posts\/99290\/revisions\/99292"}],"wp:featuredmedia":[{"embeddable":true,"href":"https:\/\/www.egemtv.com\/index.php?rest_route=\/wp\/v2\/media\/99291"}],"wp:attachment":[{"href":"https:\/\/www.egemtv.com\/index.php?rest_route=%2Fwp%2Fv2%2Fmedia&parent=99290"}],"wp:term":[{"taxonomy":"category","embeddable":true,"href":"https:\/\/www.egemtv.com\/index.php?rest_route=%2Fwp%2Fv2%2Fcategories&post=99290"},{"taxonomy":"post_tag","embeddable":true,"href":"https:\/\/www.egemtv.com\/index.php?rest_route=%2Fwp%2Fv2%2Ftags&post=99290"}],"curies":[{"name":"wp","href":"https:\/\/api.w.org\/{rel}","templated":true}]}}