{"id":99287,"date":"2026-04-27T10:05:44","date_gmt":"2026-04-27T07:05:44","guid":{"rendered":"https:\/\/www.egemtv.com\/?p=99287"},"modified":"2026-04-27T10:05:45","modified_gmt":"2026-04-27T07:05:45","slug":"tavasin-yoresel-degerleri-yorexte-gorucuye-cikti","status":"publish","type":"post","link":"https:\/\/www.egemtv.com\/?p=99287","title":{"rendered":"Tavas\u2019\u0131n y\u00f6resel de\u011ferleri Y\u00d6REX\u2019te g\u00f6r\u00fcc\u00fcye \u00e7\u0131kt\u0131"},"content":{"rendered":"<p>Antalya\u2019da d\u00fczenlenen Y\u00d6REX Fuar\u0131\u2019nda Tavas stand\u0131 yo\u011fun ilgi g\u00f6rd\u00fc. Tavas Belediye Ba\u015fkan\u0131 Kadir Tat\u0131k \u00f6nc\u00fcl\u00fc\u011f\u00fcnde ger\u00e7ekle\u015ftirilen tan\u0131t\u0131mlarda il\u00e7enin dokumalar\u0131, y\u00f6resel lezzetleri ve k\u00fclt\u00fcrel miras\u0131 ziyaret\u00e7ilerle bulu\u015fturuldu.<\/p>\n<p>Antalya\u2019da d\u00fczenlenen ve T\u00fcrkiye\u2019nin d\u00f6rt bir yan\u0131ndan y\u00f6resel \u00fcr\u00fcnlerin, k\u00fclt\u00fcrel de\u011ferlerin ve co\u011frafi i\u015faretli \u00fcr\u00fcnlerin tan\u0131t\u0131ld\u0131\u011f\u0131 Y\u00d6REX Fuar\u0131\u2019nda Tavas damgas\u0131 vurdu. Yerel de\u011ferlerin ekonomiye kazand\u0131r\u0131lmas\u0131, \u00fcreticilerin desteklenmesi ve \u015fehirlerin marka de\u011ferinin art\u0131r\u0131lmas\u0131 amac\u0131yla ger\u00e7ekle\u015ftirilen fuarda, Tavas Belediye Ba\u015fkan\u0131 Kadir Tat\u0131k da tan\u0131t\u0131m \u00e7al\u0131\u015fmalar\u0131na bizzat kat\u0131ld\u0131.<\/p>\n<p>Tavas stand\u0131nda il\u00e7enin me\u015fhur dokumalar\u0131, y\u00f6resel lezzetleri, el eme\u011fi \u00fcr\u00fcnleri ve k\u00fclt\u00fcrel \u00f6geleri profesyonel sunumlarla ziyaret\u00e7ilerin be\u011fenisine sunuldu. Fuara kat\u0131lan ziyaret\u00e7iler, Tavas\u2019\u0131n k\u00f6kl\u00fc ge\u00e7mi\u015fini yans\u0131tan \u00fcr\u00fcnlere yo\u011fun ilgi g\u00f6sterirken, stant g\u00fcn boyunca kalabal\u0131k ziyaret\u00e7i ak\u0131n\u0131na u\u011frad\u0131.<\/p>\n<p>Fuar s\u00fcresince siyaset, i\u015f d\u00fcnyas\u0131 ve kamu kurumlar\u0131ndan \u00f6nemli isimler de Tavas stand\u0131n\u0131 ziyaret etti. Ziyaret\u00e7iler aras\u0131nda Ali Babacan, Aykut Kaya, Saniye Caran, Ali \u00c7and\u0131r, \u0130lhan Karay\u0131lan, \u00d6mer Faruk G\u00fcnd\u00fczalp, Seydi Tahsin G\u00fcng\u00f6r, Mustafa Kandemir ve U\u011fur Erdo\u011fan yer ald\u0131.<\/p>\n<p>Tavas Belediye Ba\u015fkan\u0131 Kadir Tat\u0131k, fuarda yap\u0131lan g\u00f6r\u00fc\u015fmelerde Tavas\u2019\u0131n y\u00f6resel \u00fcr\u00fcnlerinin daha geni\u015f pazarlara ula\u015ft\u0131r\u0131lmas\u0131, tan\u0131t\u0131m a\u011f\u0131n\u0131n b\u00fcy\u00fct\u00fclmesi ve il\u00e7enin ekonomik de\u011ferlerinin g\u00fc\u00e7lendirilmesi ad\u0131na \u00f6nemli temaslarda bulunduklar\u0131n\u0131 belirtti.<\/p>\n<p>Tavas Belediye Ba\u015fkan\u0131 Kadir Tat\u0131k, &#8220;Tavas\u2019\u0131m\u0131z\u0131n binlerce y\u0131ll\u0131k gelene\u011fini ve bereketli topraklar\u0131m\u0131z\u0131n sundu\u011fu e\u015fsiz de\u011ferleri Y\u00d6REX platformunda t\u00fcm T\u00fcrkiye ile bulu\u015fturman\u0131n gururunu ya\u015f\u0131yoruz. Gayemiz, Tavas\u2019\u0131n markas\u0131n\u0131 ulusal d\u00fczeyde hak etti\u011fi yere ta\u015f\u0131makt\u0131r. Yerel \u00fcreticimizi desteklemek ve k\u00fclt\u00fcr\u00fcm\u00fcz\u00fc tan\u0131tmak ad\u0131na \u00e7al\u0131\u015fmalar\u0131m\u0131za devam edece\u011fiz&#8221; dedi.<br \/><\/p>\n","protected":false},"excerpt":{"rendered":"<p>Antalya\u2019da d\u00fczenlenen Y\u00d6REX Fuar\u0131\u2019nda Tavas stand\u0131 yo\u011fun ilgi g\u00f6rd\u00fc. Tavas Belediye Ba\u015fkan\u0131 Kadir Tat\u0131k \u00f6nc\u00fcl\u00fc\u011f\u00fcnde ger\u00e7ekle\u015ftirilen tan\u0131t\u0131mlarda il\u00e7enin dokumalar\u0131, y\u00f6resel lezzetleri ve k\u00fclt\u00fcrel miras\u0131 ziyaret\u00e7ilerle bulu\u015fturuldu. Antalya\u2019da d\u00fczenlenen ve T\u00fcrkiye\u2019nin d\u00f6rt bir yan\u0131ndan y\u00f6resel \u00fcr\u00fcnlerin, k\u00fclt\u00fcrel de\u011ferlerin ve co\u011frafi i\u015faretli \u00fcr\u00fcnlerin tan\u0131t\u0131ld\u0131\u011f\u0131 Y\u00d6REX Fuar\u0131\u2019nda Tavas damgas\u0131 vurdu. Yerel de\u011ferlerin ekonomiye kazand\u0131r\u0131lmas\u0131, \u00fcreticilerin desteklenmesi ve \u015fehirlerin&#8230;<\/p>\n","protected":false},"author":1,"featured_media":99288,"comment_status":"open","ping_status":"open","sticky":false,"template":"","format":"standard","meta":{"_crdt_document":"","footnotes":""},"categories":[125],"tags":[],"class_list":["post-99287","post","type-post","status-publish","format-standard","has-post-thumbnail","hentry","category-ekonomi"],"_links":{"self":[{"href":"https:\/\/www.egemtv.com\/index.php?rest_route=\/wp\/v2\/posts\/99287","targetHints":{"allow":["GET"]}}],"collection":[{"href":"https:\/\/www.egemtv.com\/index.php?rest_route=\/wp\/v2\/posts"}],"about":[{"href":"https:\/\/www.egemtv.com\/index.php?rest_route=\/wp\/v2\/types\/post"}],"author":[{"embeddable":true,"href":"https:\/\/www.egemtv.com\/index.php?rest_route=\/wp\/v2\/users\/1"}],"replies":[{"embeddable":true,"href":"https:\/\/www.egemtv.com\/index.php?rest_route=%2Fwp%2Fv2%2Fcomments&post=99287"}],"version-history":[{"count":1,"href":"https:\/\/www.egemtv.com\/index.php?rest_route=\/wp\/v2\/posts\/99287\/revisions"}],"predecessor-version":[{"id":99289,"href":"https:\/\/www.egemtv.com\/index.php?rest_route=\/wp\/v2\/posts\/99287\/revisions\/99289"}],"wp:featuredmedia":[{"embeddable":true,"href":"https:\/\/www.egemtv.com\/index.php?rest_route=\/wp\/v2\/media\/99288"}],"wp:attachment":[{"href":"https:\/\/www.egemtv.com\/index.php?rest_route=%2Fwp%2Fv2%2Fmedia&parent=99287"}],"wp:term":[{"taxonomy":"category","embeddable":true,"href":"https:\/\/www.egemtv.com\/index.php?rest_route=%2Fwp%2Fv2%2Fcategories&post=99287"},{"taxonomy":"post_tag","embeddable":true,"href":"https:\/\/www.egemtv.com\/index.php?rest_route=%2Fwp%2Fv2%2Ftags&post=99287"}],"curies":[{"name":"wp","href":"https:\/\/api.w.org\/{rel}","templated":true}]}}