{"id":99284,"date":"2026-04-27T10:05:42","date_gmt":"2026-04-27T07:05:42","guid":{"rendered":"https:\/\/www.egemtv.com\/?p=99284"},"modified":"2026-04-27T10:05:44","modified_gmt":"2026-04-27T07:05:44","slug":"cameli-belediyesinden-arazi-yollarinda-yogun-mesai","status":"publish","type":"post","link":"https:\/\/www.egemtv.com\/?p=99284","title":{"rendered":"\u00c7ameli Belediyesi\u2019nden arazi yollar\u0131nda yo\u011fun mesai"},"content":{"rendered":"<p>\u00c7ameli Belediyesi Fen \u0130\u015fleri M\u00fcd\u00fcrl\u00fc\u011f\u00fc ekipleri, il\u00e7edeki mahallelerde arazi yollar\u0131n\u0131 a\u00e7ma ve d\u00fczenleme \u00e7al\u0131\u015fmalar\u0131n\u0131 aral\u0131ks\u0131z s\u00fcrd\u00fcr\u00fcyor.<\/p>\n<p>\u00c7ameli Belediyesi, k\u0131rsal mahallelerde ula\u015f\u0131m\u0131 kolayla\u015ft\u0131rmak ve tar\u0131msal faaliyetlere destek sa\u011flamak amac\u0131yla arazi yollar\u0131nda yo\u011fun \u00e7al\u0131\u015fma y\u00fcr\u00fct\u00fcyor. Belediye Fen \u0130\u015fleri M\u00fcd\u00fcrl\u00fc\u011f\u00fc ekipleri taraf\u0131ndan ger\u00e7ekle\u015ftirilen \u00e7al\u0131\u015fmalar kapsam\u0131nda Ye\u015filyayla Mahallesi, Cumalan\u0131 Mahallesi, \u00c7aml\u0131bel Mahallesi ve Kolak Mahallesi ile Bedirderesi Mevkii\u2019nde arazi yollar\u0131 a\u00e7\u0131larak d\u00fczenleme yap\u0131ld\u0131.<\/p>\n<p>\u00c7al\u0131\u015fmalar hakk\u0131nda de\u011ferlendirmede bulunan Cengiz Arslan, vatanda\u015flar\u0131n ula\u015f\u0131m\u0131n\u0131 kolayla\u015ft\u0131rmak ve \u00fcreticilere destek olmak amac\u0131yla hizmetlerin kararl\u0131l\u0131kla s\u00fcrd\u00fc\u011f\u00fcn\u00fc belirtti.<\/p>\n<p>Belediye ekiplerinin, il\u00e7enin farkl\u0131 noktalar\u0131nda ihtiya\u00e7 duyulan b\u00f6lgelerde yol a\u00e7ma ve iyile\u015ftirme \u00e7al\u0131\u015fmalar\u0131na devam edece\u011fi bildirildi.<br \/><\/p>\n","protected":false},"excerpt":{"rendered":"<p>\u00c7ameli Belediyesi Fen \u0130\u015fleri M\u00fcd\u00fcrl\u00fc\u011f\u00fc ekipleri, il\u00e7edeki mahallelerde arazi yollar\u0131n\u0131 a\u00e7ma ve d\u00fczenleme \u00e7al\u0131\u015fmalar\u0131n\u0131 aral\u0131ks\u0131z s\u00fcrd\u00fcr\u00fcyor. \u00c7ameli Belediyesi, k\u0131rsal mahallelerde ula\u015f\u0131m\u0131 kolayla\u015ft\u0131rmak ve tar\u0131msal faaliyetlere destek sa\u011flamak amac\u0131yla arazi yollar\u0131nda yo\u011fun \u00e7al\u0131\u015fma y\u00fcr\u00fct\u00fcyor. Belediye Fen \u0130\u015fleri M\u00fcd\u00fcrl\u00fc\u011f\u00fc ekipleri taraf\u0131ndan ger\u00e7ekle\u015ftirilen \u00e7al\u0131\u015fmalar kapsam\u0131nda Ye\u015filyayla Mahallesi, Cumalan\u0131 Mahallesi, \u00c7aml\u0131bel Mahallesi ve Kolak Mahallesi ile Bedirderesi Mevkii\u2019nde arazi&#8230;<\/p>\n","protected":false},"author":1,"featured_media":99285,"comment_status":"open","ping_status":"open","sticky":false,"template":"","format":"standard","meta":{"_crdt_document":"","footnotes":""},"categories":[1],"tags":[],"class_list":["post-99284","post","type-post","status-publish","format-standard","has-post-thumbnail","hentry","category-guncel"],"_links":{"self":[{"href":"https:\/\/www.egemtv.com\/index.php?rest_route=\/wp\/v2\/posts\/99284","targetHints":{"allow":["GET"]}}],"collection":[{"href":"https:\/\/www.egemtv.com\/index.php?rest_route=\/wp\/v2\/posts"}],"about":[{"href":"https:\/\/www.egemtv.com\/index.php?rest_route=\/wp\/v2\/types\/post"}],"author":[{"embeddable":true,"href":"https:\/\/www.egemtv.com\/index.php?rest_route=\/wp\/v2\/users\/1"}],"replies":[{"embeddable":true,"href":"https:\/\/www.egemtv.com\/index.php?rest_route=%2Fwp%2Fv2%2Fcomments&post=99284"}],"version-history":[{"count":1,"href":"https:\/\/www.egemtv.com\/index.php?rest_route=\/wp\/v2\/posts\/99284\/revisions"}],"predecessor-version":[{"id":99286,"href":"https:\/\/www.egemtv.com\/index.php?rest_route=\/wp\/v2\/posts\/99284\/revisions\/99286"}],"wp:featuredmedia":[{"embeddable":true,"href":"https:\/\/www.egemtv.com\/index.php?rest_route=\/wp\/v2\/media\/99285"}],"wp:attachment":[{"href":"https:\/\/www.egemtv.com\/index.php?rest_route=%2Fwp%2Fv2%2Fmedia&parent=99284"}],"wp:term":[{"taxonomy":"category","embeddable":true,"href":"https:\/\/www.egemtv.com\/index.php?rest_route=%2Fwp%2Fv2%2Fcategories&post=99284"},{"taxonomy":"post_tag","embeddable":true,"href":"https:\/\/www.egemtv.com\/index.php?rest_route=%2Fwp%2Fv2%2Ftags&post=99284"}],"curies":[{"name":"wp","href":"https:\/\/api.w.org\/{rel}","templated":true}]}}