{"id":99281,"date":"2026-04-27T09:30:55","date_gmt":"2026-04-27T06:30:55","guid":{"rendered":"https:\/\/www.egemtv.com\/?p=99281"},"modified":"2026-04-27T09:30:56","modified_gmt":"2026-04-27T06:30:56","slug":"emetteki-geneleksel-yagmur-duasi-yeterli-yagis-sebebi-ile-bu-yil-sukur-duasi-oldu","status":"publish","type":"post","link":"https:\/\/www.egemtv.com\/?p=99281","title":{"rendered":"Emet\u2019teki geneleksel ya\u011fmur duas\u0131 yeterli ya\u011f\u0131\u015f sebebi ile bu y\u0131l \u015f\u00fck\u00fcr duas\u0131 oldu"},"content":{"rendered":"<p>K\u00fctahya\u2019n\u0131n Emet il\u00e7esine ba\u011fl\u0131 Yenicek\u00f6y\u2019de vatanda\u015flar geleneksel \u015f\u00fck\u00fcr duas\u0131nda bir araya geldi.<br \/>\n<br \/>Yenicek\u00f6y\u2019de ger\u00e7ekle\u015ftirilen program kapsam\u0131nda yakla\u015f\u0131k 2 bin ki\u015fiye yemek ikram edildi. K\u00f6y camisinde \u00f6\u011fle namaz\u0131 \u00f6ncesi mevlit okutuldu, \u00f6\u011fle namaz\u0131n\u0131n ard\u0131ndan okunan hutbe ve k\u0131l\u0131nan 2 rek\u00e2t istiska namaz\u0131 sonras\u0131 Emet \u0130l\u00e7e Vaizi \u0130smail Hakk\u0131 G\u00fcl taraf\u0131ndan dua edildi.<br \/>\n<br \/>11 y\u0131ld\u0131r s\u00fcrd\u00fcr\u00fclen ya\u011fmur duas\u0131n\u0131n bu y\u0131l yeterli ya\u011f\u0131\u015f nedeniyle \u015f\u00fck\u00fcr duas\u0131 olarak ger\u00e7ekle\u015ftirildi\u011fini belirten K\u00f6y Muhtar\u0131 Ak\u0131n G\u00fcrkan, &#8220;Hay\u0131rseverlerden toplanan yard\u0131mlarla program\u0131m\u0131za kat\u0131lan yakla\u015f\u0131k 2 bin ki\u015fiye d\u00fc\u011f\u00fcn salonunda \u00e7orba, tas kebap, pilav ve tatl\u0131 ikram edildi. Ard\u0131ndan k\u00f6y camimizde \u015f\u00fck\u00fcr duas\u0131 yap\u0131ld\u0131. Allah dualar\u0131m\u0131z\u0131 kabul etsin. Bu organizasyonda eme\u011fi ge\u00e7en tertip komitesine, gen\u00e7lerimize ve hay\u0131rsever halk\u0131m\u0131za te\u015fekk\u00fcr ediyorum&#8221; dedi.<br \/><\/p>\n","protected":false},"excerpt":{"rendered":"<p>K\u00fctahya\u2019n\u0131n Emet il\u00e7esine ba\u011fl\u0131 Yenicek\u00f6y\u2019de vatanda\u015flar geleneksel \u015f\u00fck\u00fcr duas\u0131nda bir araya geldi. Yenicek\u00f6y\u2019de ger\u00e7ekle\u015ftirilen program kapsam\u0131nda yakla\u015f\u0131k 2 bin ki\u015fiye yemek ikram edildi. K\u00f6y camisinde \u00f6\u011fle namaz\u0131 \u00f6ncesi mevlit okutuldu, \u00f6\u011fle namaz\u0131n\u0131n ard\u0131ndan okunan hutbe ve k\u0131l\u0131nan 2 rek\u00e2t istiska namaz\u0131 sonras\u0131 Emet \u0130l\u00e7e Vaizi \u0130smail Hakk\u0131 G\u00fcl taraf\u0131ndan dua edildi. 11 y\u0131ld\u0131r s\u00fcrd\u00fcr\u00fclen ya\u011fmur&#8230;<\/p>\n","protected":false},"author":1,"featured_media":99282,"comment_status":"open","ping_status":"open","sticky":false,"template":"","format":"standard","meta":{"_crdt_document":"","footnotes":""},"categories":[123],"tags":[],"class_list":["post-99281","post","type-post","status-publish","format-standard","has-post-thumbnail","hentry","category-gundem"],"_links":{"self":[{"href":"https:\/\/www.egemtv.com\/index.php?rest_route=\/wp\/v2\/posts\/99281","targetHints":{"allow":["GET"]}}],"collection":[{"href":"https:\/\/www.egemtv.com\/index.php?rest_route=\/wp\/v2\/posts"}],"about":[{"href":"https:\/\/www.egemtv.com\/index.php?rest_route=\/wp\/v2\/types\/post"}],"author":[{"embeddable":true,"href":"https:\/\/www.egemtv.com\/index.php?rest_route=\/wp\/v2\/users\/1"}],"replies":[{"embeddable":true,"href":"https:\/\/www.egemtv.com\/index.php?rest_route=%2Fwp%2Fv2%2Fcomments&post=99281"}],"version-history":[{"count":1,"href":"https:\/\/www.egemtv.com\/index.php?rest_route=\/wp\/v2\/posts\/99281\/revisions"}],"predecessor-version":[{"id":99283,"href":"https:\/\/www.egemtv.com\/index.php?rest_route=\/wp\/v2\/posts\/99281\/revisions\/99283"}],"wp:featuredmedia":[{"embeddable":true,"href":"https:\/\/www.egemtv.com\/index.php?rest_route=\/wp\/v2\/media\/99282"}],"wp:attachment":[{"href":"https:\/\/www.egemtv.com\/index.php?rest_route=%2Fwp%2Fv2%2Fmedia&parent=99281"}],"wp:term":[{"taxonomy":"category","embeddable":true,"href":"https:\/\/www.egemtv.com\/index.php?rest_route=%2Fwp%2Fv2%2Fcategories&post=99281"},{"taxonomy":"post_tag","embeddable":true,"href":"https:\/\/www.egemtv.com\/index.php?rest_route=%2Fwp%2Fv2%2Ftags&post=99281"}],"curies":[{"name":"wp","href":"https:\/\/api.w.org\/{rel}","templated":true}]}}