{"id":99278,"date":"2026-04-27T09:30:54","date_gmt":"2026-04-27T06:30:54","guid":{"rendered":"https:\/\/www.egemtv.com\/?p=99278"},"modified":"2026-04-27T09:30:55","modified_gmt":"2026-04-27T06:30:55","slug":"burdurda-evin-bitisigindeki-depoda-yangin-korkuttu","status":"publish","type":"post","link":"https:\/\/www.egemtv.com\/?p=99278","title":{"rendered":"Burdur\u2019da evin biti\u015fi\u011findeki depoda yang\u0131n korkuttu"},"content":{"rendered":"<p>Burdur\u2019un G\u00f6lhisar il\u00e7esinde m\u00fcstakil evin biti\u015finde bulunan depodaki malzemelerin yanmas\u0131 sonucu \u00e7\u0131kan yang\u0131n, itfaiye ekiplerince kontrol alt\u0131na al\u0131narak s\u00f6nd\u00fcr\u00fcld\u00fc.<br \/>\n<br \/>Yang\u0131n, d\u00fcn Pazar Mahallesi Recep Tayyip Erdo\u011fan Caddesi \u00fczerine bulunan m\u00fcstakil evin biti\u015fi\u011finde bulunan depoda meydana geldi. Edinilen bilgiye g\u00f6re, depo ve \u00e7evresindeki baz\u0131 malzemeler hen\u00fcz bilinmeyen bir sebepten dolay\u0131 yanmaya ba\u015flad\u0131. Alevleri g\u00f6ren \u00e7evredeki vatanda\u015flar\u0131 ihbar\u0131 \u00fczerine adrese itfaiye ve polis ekipleri sevk edildi. \u0130tfaiye ekipleri taraf\u0131ndan \u00e7\u0131kan yang\u0131n k\u0131sa s\u00fcrede kontrol alt\u0131na al\u0131narak s\u00f6nd\u00fcr\u00fcld\u00fc.<br \/>\n<br \/>Yang\u0131nda maddi zarar meydana gelirken yang\u0131n\u0131n \u00e7\u0131k\u0131\u015f nedeni ara\u015ft\u0131r\u0131l\u0131yor.<br \/><\/p>\n","protected":false},"excerpt":{"rendered":"<p>Burdur\u2019un G\u00f6lhisar il\u00e7esinde m\u00fcstakil evin biti\u015finde bulunan depodaki malzemelerin yanmas\u0131 sonucu \u00e7\u0131kan yang\u0131n, itfaiye ekiplerince kontrol alt\u0131na al\u0131narak s\u00f6nd\u00fcr\u00fcld\u00fc. Yang\u0131n, d\u00fcn Pazar Mahallesi Recep Tayyip Erdo\u011fan Caddesi \u00fczerine bulunan m\u00fcstakil evin biti\u015fi\u011finde bulunan depoda meydana geldi. Edinilen bilgiye g\u00f6re, depo ve \u00e7evresindeki baz\u0131 malzemeler hen\u00fcz bilinmeyen bir sebepten dolay\u0131 yanmaya ba\u015flad\u0131. Alevleri g\u00f6ren \u00e7evredeki vatanda\u015flar\u0131&#8230;<\/p>\n","protected":false},"author":1,"featured_media":99279,"comment_status":"open","ping_status":"open","sticky":false,"template":"","format":"standard","meta":{"_crdt_document":"","footnotes":""},"categories":[5],"tags":[],"class_list":["post-99278","post","type-post","status-publish","format-standard","has-post-thumbnail","hentry","category-asayis"],"_links":{"self":[{"href":"https:\/\/www.egemtv.com\/index.php?rest_route=\/wp\/v2\/posts\/99278","targetHints":{"allow":["GET"]}}],"collection":[{"href":"https:\/\/www.egemtv.com\/index.php?rest_route=\/wp\/v2\/posts"}],"about":[{"href":"https:\/\/www.egemtv.com\/index.php?rest_route=\/wp\/v2\/types\/post"}],"author":[{"embeddable":true,"href":"https:\/\/www.egemtv.com\/index.php?rest_route=\/wp\/v2\/users\/1"}],"replies":[{"embeddable":true,"href":"https:\/\/www.egemtv.com\/index.php?rest_route=%2Fwp%2Fv2%2Fcomments&post=99278"}],"version-history":[{"count":1,"href":"https:\/\/www.egemtv.com\/index.php?rest_route=\/wp\/v2\/posts\/99278\/revisions"}],"predecessor-version":[{"id":99280,"href":"https:\/\/www.egemtv.com\/index.php?rest_route=\/wp\/v2\/posts\/99278\/revisions\/99280"}],"wp:featuredmedia":[{"embeddable":true,"href":"https:\/\/www.egemtv.com\/index.php?rest_route=\/wp\/v2\/media\/99279"}],"wp:attachment":[{"href":"https:\/\/www.egemtv.com\/index.php?rest_route=%2Fwp%2Fv2%2Fmedia&parent=99278"}],"wp:term":[{"taxonomy":"category","embeddable":true,"href":"https:\/\/www.egemtv.com\/index.php?rest_route=%2Fwp%2Fv2%2Fcategories&post=99278"},{"taxonomy":"post_tag","embeddable":true,"href":"https:\/\/www.egemtv.com\/index.php?rest_route=%2Fwp%2Fv2%2Ftags&post=99278"}],"curies":[{"name":"wp","href":"https:\/\/api.w.org\/{rel}","templated":true}]}}