{"id":99275,"date":"2026-04-27T08:20:44","date_gmt":"2026-04-27T05:20:44","guid":{"rendered":"https:\/\/www.egemtv.com\/?p=99275"},"modified":"2026-04-27T08:20:45","modified_gmt":"2026-04-27T05:20:45","slug":"cagla-ureticisinin-yuzunu-guldurdu","status":"publish","type":"post","link":"https:\/\/www.egemtv.com\/?p=99275","title":{"rendered":"\u00c7a\u011fla, \u00fcreticisinin y\u00fcz\u00fcn\u00fc g\u00fcld\u00fcrd\u00fc"},"content":{"rendered":"<p>Manisa\u2019n\u0131n Sar\u0131g\u00f6l il\u00e7esinde bahar\u0131n habercisi \u00e7a\u011fla pazarda sat\u0131\u015fa sunuldu. Taze \u00e7a\u011flan\u0131n kilosu 150 ile 160 lira aras\u0131nda al\u0131c\u0131 bulurken, \u00fcreticiler bu y\u0131lki bereketli sezondan memnun olduklar\u0131n\u0131 ifade etti.<br \/>\n<br \/>Manisa\u2019n\u0131n Sar\u0131g\u00f6l il\u00e7esinde bahar\u0131n sevilen meyvelerinden \u00e7a\u011fla pazarda yerini ald\u0131. \u0130l\u00e7ede taze \u00e7a\u011flan\u0131n kilosu 150 ile 160 lira aras\u0131nda sat\u0131\u015fa sunuluyor.<br \/>\n<br \/>Bu y\u0131l hava \u015fartlar\u0131n\u0131n iyi gitmesi ve ya\u011f\u0131\u015flar\u0131n bol olmas\u0131, b\u00f6lgede yeti\u015fen meyvelerde verimi art\u0131rd\u0131. \u00c7a\u011fla ba\u015fta olmak \u00fczere erik, kay\u0131s\u0131 ve \u015feftali gibi \u00fcr\u00fcnlerde bolluk ya\u015fan\u0131rken, durum \u00fcreticilerin y\u00fcz\u00fcn\u00fc g\u00fcld\u00fcrd\u00fc.<br \/>\n<br \/>Sar\u0131g\u00f6ll\u00fc \u00fcretici H\u00fclya Akkaya, sezonun verimli ge\u00e7ti\u011fini belirterek, &#8220;Bu y\u0131l bol ve bereketli bir y\u0131l olmas\u0131 bizleri olduk\u00e7a mutlu ediyor. \u00c7evrede \u00e7a\u011fla, erik, kay\u0131s\u0131 ve \u015feftali gibi meyveler olduk\u00e7a verimli. Bu durum bizler i\u00e7in iyi.&#8221; dedi.<br \/><\/p>\n","protected":false},"excerpt":{"rendered":"<p>Manisa\u2019n\u0131n Sar\u0131g\u00f6l il\u00e7esinde bahar\u0131n habercisi \u00e7a\u011fla pazarda sat\u0131\u015fa sunuldu. Taze \u00e7a\u011flan\u0131n kilosu 150 ile 160 lira aras\u0131nda al\u0131c\u0131 bulurken, \u00fcreticiler bu y\u0131lki bereketli sezondan memnun olduklar\u0131n\u0131 ifade etti. Manisa\u2019n\u0131n Sar\u0131g\u00f6l il\u00e7esinde bahar\u0131n sevilen meyvelerinden \u00e7a\u011fla pazarda yerini ald\u0131. \u0130l\u00e7ede taze \u00e7a\u011flan\u0131n kilosu 150 ile 160 lira aras\u0131nda sat\u0131\u015fa sunuluyor. Bu y\u0131l hava \u015fartlar\u0131n\u0131n iyi gitmesi&#8230;<\/p>\n","protected":false},"author":1,"featured_media":99276,"comment_status":"open","ping_status":"open","sticky":false,"template":"","format":"standard","meta":{"_crdt_document":"","footnotes":""},"categories":[125],"tags":[],"class_list":["post-99275","post","type-post","status-publish","format-standard","has-post-thumbnail","hentry","category-ekonomi"],"_links":{"self":[{"href":"https:\/\/www.egemtv.com\/index.php?rest_route=\/wp\/v2\/posts\/99275","targetHints":{"allow":["GET"]}}],"collection":[{"href":"https:\/\/www.egemtv.com\/index.php?rest_route=\/wp\/v2\/posts"}],"about":[{"href":"https:\/\/www.egemtv.com\/index.php?rest_route=\/wp\/v2\/types\/post"}],"author":[{"embeddable":true,"href":"https:\/\/www.egemtv.com\/index.php?rest_route=\/wp\/v2\/users\/1"}],"replies":[{"embeddable":true,"href":"https:\/\/www.egemtv.com\/index.php?rest_route=%2Fwp%2Fv2%2Fcomments&post=99275"}],"version-history":[{"count":1,"href":"https:\/\/www.egemtv.com\/index.php?rest_route=\/wp\/v2\/posts\/99275\/revisions"}],"predecessor-version":[{"id":99277,"href":"https:\/\/www.egemtv.com\/index.php?rest_route=\/wp\/v2\/posts\/99275\/revisions\/99277"}],"wp:featuredmedia":[{"embeddable":true,"href":"https:\/\/www.egemtv.com\/index.php?rest_route=\/wp\/v2\/media\/99276"}],"wp:attachment":[{"href":"https:\/\/www.egemtv.com\/index.php?rest_route=%2Fwp%2Fv2%2Fmedia&parent=99275"}],"wp:term":[{"taxonomy":"category","embeddable":true,"href":"https:\/\/www.egemtv.com\/index.php?rest_route=%2Fwp%2Fv2%2Fcategories&post=99275"},{"taxonomy":"post_tag","embeddable":true,"href":"https:\/\/www.egemtv.com\/index.php?rest_route=%2Fwp%2Fv2%2Ftags&post=99275"}],"curies":[{"name":"wp","href":"https:\/\/api.w.org\/{rel}","templated":true}]}}