{"id":99272,"date":"2026-04-27T03:05:28","date_gmt":"2026-04-27T00:05:28","guid":{"rendered":"https:\/\/www.egemtv.com\/?p=99272"},"modified":"2026-04-27T03:05:30","modified_gmt":"2026-04-27T00:05:30","slug":"demircide-korkutan-ev-yangini","status":"publish","type":"post","link":"https:\/\/www.egemtv.com\/?p=99272","title":{"rendered":"Demirci\u2019de korkutan ev yang\u0131n\u0131"},"content":{"rendered":"<p>Manisa\u2019n\u0131n Demirci il\u00e7esinde bir ev yanarak kullan\u0131lamaz hale geldi.<br \/>\n<br \/>\u0130l\u00e7eye ba\u011fl\u0131 \u00d6ren Mahallesi yaren ka\u015f\u0131nda \u0130brahim Bilgin\u2019e ait m\u00fcstakil evde hen\u00fcz belirlenemeyen bir nedenden dolay\u0131 yang\u0131n \u00e7\u0131kt\u0131. Alevlerin \u00e7at\u0131dan y\u00fckseldi\u011fini g\u00f6ren mahalle sakinleri \u0130tfaiye ekiplerine ihbarda bulundu. Mahalle sakinleri, evde ya\u015fayan 4 ki\u015fiyi ve ah\u0131rda bulunan hayvanlar\u0131 tahliye etti. Manisa B\u00fcy\u00fck\u015fehir Belediyesi Demirci \u0130tfaiye ekipleri ve Demirci Orman \u0130\u015fletme M\u00fcd\u00fcrl\u00fc\u011f\u00fc yang\u0131n s\u00f6nd\u00fcrme ekipleri yakla\u015f\u0131k 2 saat s\u00fcren yo\u011fun m\u00fcdahale sonucu alevleri kontrol alt\u0131na alarak, biti\u015fi\u011finde bulunan evlere s\u0131\u00e7ramas\u0131n\u0131 \u00f6nledi. GDZ elektrik ekiplerince yang\u0131n s\u00f6nd\u00fcrme \u00e7al\u0131\u015fmalar\u0131n\u0131n g\u00fcvenli bir \u015fekilde yap\u0131labilmesi i\u00e7in mahalle genelinde elektrikler kesildi.<br \/>\n<br \/>Mahalle sakinleri de yang\u0131n s\u00f6nd\u00fcrme \u00e7al\u0131\u015fmalar\u0131n\u0131n etkin bir \u015fekilde yap\u0131labilmesi i\u00e7in r\u00f6morklarla itfaiye ara\u00e7lar\u0131na su takviyesinde bulundu. Mahalleye sevk edilen 112 Acil Sa\u011fl\u0131k ekiplerince dumandan etkilenen Fadime Nur Bilgin (18) Demirci Devlet Hastanesi\u2019ne kald\u0131r\u0131larak tedavi alt\u0131na al\u0131nd\u0131.<br \/>\n<br \/>Yang\u0131nla ilgili \u0130l\u00e7e Jandarma Komutanl\u0131\u011f\u0131 ekiplerince soru\u015fturma ba\u015flat\u0131l\u0131rken, so\u011futma \u00e7al\u0131\u015fmalar\u0131n\u0131n ise devam etti\u011fi belirtildi.<br \/><\/p>\n","protected":false},"excerpt":{"rendered":"<p>Manisa\u2019n\u0131n Demirci il\u00e7esinde bir ev yanarak kullan\u0131lamaz hale geldi. \u0130l\u00e7eye ba\u011fl\u0131 \u00d6ren Mahallesi yaren ka\u015f\u0131nda \u0130brahim Bilgin\u2019e ait m\u00fcstakil evde hen\u00fcz belirlenemeyen bir nedenden dolay\u0131 yang\u0131n \u00e7\u0131kt\u0131. Alevlerin \u00e7at\u0131dan y\u00fckseldi\u011fini g\u00f6ren mahalle sakinleri \u0130tfaiye ekiplerine ihbarda bulundu. Mahalle sakinleri, evde ya\u015fayan 4 ki\u015fiyi ve ah\u0131rda bulunan hayvanlar\u0131 tahliye etti. Manisa B\u00fcy\u00fck\u015fehir Belediyesi Demirci \u0130tfaiye ekipleri&#8230;<\/p>\n","protected":false},"author":1,"featured_media":99273,"comment_status":"open","ping_status":"open","sticky":false,"template":"","format":"standard","meta":{"_crdt_document":"","footnotes":""},"categories":[5],"tags":[],"class_list":["post-99272","post","type-post","status-publish","format-standard","has-post-thumbnail","hentry","category-asayis"],"_links":{"self":[{"href":"https:\/\/www.egemtv.com\/index.php?rest_route=\/wp\/v2\/posts\/99272","targetHints":{"allow":["GET"]}}],"collection":[{"href":"https:\/\/www.egemtv.com\/index.php?rest_route=\/wp\/v2\/posts"}],"about":[{"href":"https:\/\/www.egemtv.com\/index.php?rest_route=\/wp\/v2\/types\/post"}],"author":[{"embeddable":true,"href":"https:\/\/www.egemtv.com\/index.php?rest_route=\/wp\/v2\/users\/1"}],"replies":[{"embeddable":true,"href":"https:\/\/www.egemtv.com\/index.php?rest_route=%2Fwp%2Fv2%2Fcomments&post=99272"}],"version-history":[{"count":1,"href":"https:\/\/www.egemtv.com\/index.php?rest_route=\/wp\/v2\/posts\/99272\/revisions"}],"predecessor-version":[{"id":99274,"href":"https:\/\/www.egemtv.com\/index.php?rest_route=\/wp\/v2\/posts\/99272\/revisions\/99274"}],"wp:featuredmedia":[{"embeddable":true,"href":"https:\/\/www.egemtv.com\/index.php?rest_route=\/wp\/v2\/media\/99273"}],"wp:attachment":[{"href":"https:\/\/www.egemtv.com\/index.php?rest_route=%2Fwp%2Fv2%2Fmedia&parent=99272"}],"wp:term":[{"taxonomy":"category","embeddable":true,"href":"https:\/\/www.egemtv.com\/index.php?rest_route=%2Fwp%2Fv2%2Fcategories&post=99272"},{"taxonomy":"post_tag","embeddable":true,"href":"https:\/\/www.egemtv.com\/index.php?rest_route=%2Fwp%2Fv2%2Ftags&post=99272"}],"curies":[{"name":"wp","href":"https:\/\/api.w.org\/{rel}","templated":true}]}}