{"id":99269,"date":"2026-04-27T01:20:36","date_gmt":"2026-04-26T22:20:36","guid":{"rendered":"https:\/\/www.egemtv.com\/?p=99269"},"modified":"2026-04-27T01:20:37","modified_gmt":"2026-04-26T22:20:37","slug":"izmirde-daglik-alanda-mahsur-kalan-cocuklar-kurtarildi","status":"publish","type":"post","link":"https:\/\/www.egemtv.com\/?p=99269","title":{"rendered":"\u0130zmir\u2019de da\u011fl\u0131k alanda mahsur kalan \u00e7ocuklar kurtar\u0131ld\u0131"},"content":{"rendered":"<p>\u0130zmir\u2019in Sel\u00e7uk il\u00e7esinde, da\u011fl\u0131k alanda mahsur kalarak yard\u0131m talebinde bulunan iki \u00e7ocuk, arama kurtarma ekiplerinin \u00e7al\u0131\u015fmas\u0131 sonucu sa\u011f olarak kurtar\u0131ld\u0131.<br \/>\n<br \/>Olay, Sel\u00e7uk il\u00e7esi Ke\u00e7i Kalesi ile Torbal\u0131 Alaman Da\u011f\u0131 aras\u0131ndaki mevkide meydana geldi. B\u00f6lgede bulunan E.Y.T. (15) ve A.A. (15) isimli iki \u00e7ocuk da\u011fl\u0131k alanda mahsur kald\u0131. \u00c7ocuklar, sular\u0131n\u0131n azald\u0131\u011f\u0131n\u0131 ve yorulduklar\u0131n\u0131 bildirerek yetkililerden yard\u0131m talebinde bulundu.<\/p>\n<p>Ailelerine teslim edildiler<br \/>\n<br \/>\u0130hbar \u00fczerine \u0130zmir AFAD ekipleri h\u0131zla b\u00f6lgeye sevk edildi. Ekipler, b\u00f6lgede geni\u015f \u00e7apl\u0131 arama kurtarma \u00e7al\u0131\u015fmas\u0131 ba\u015flatt\u0131. Ger\u00e7ekle\u015ftirilen \u00e7al\u0131\u015fmalar neticesinde E.Y.T. (15) ve A.A. (15) sa\u011f olarak bulundu. Kurtar\u0131lan iki \u00e7ocuk g\u00fcvenli bir \u015fekilde ailelerine teslim edildi.<br \/><\/p>\n","protected":false},"excerpt":{"rendered":"<p>\u0130zmir\u2019in Sel\u00e7uk il\u00e7esinde, da\u011fl\u0131k alanda mahsur kalarak yard\u0131m talebinde bulunan iki \u00e7ocuk, arama kurtarma ekiplerinin \u00e7al\u0131\u015fmas\u0131 sonucu sa\u011f olarak kurtar\u0131ld\u0131. Olay, Sel\u00e7uk il\u00e7esi Ke\u00e7i Kalesi ile Torbal\u0131 Alaman Da\u011f\u0131 aras\u0131ndaki mevkide meydana geldi. B\u00f6lgede bulunan E.Y.T. (15) ve A.A. (15) isimli iki \u00e7ocuk da\u011fl\u0131k alanda mahsur kald\u0131. \u00c7ocuklar, sular\u0131n\u0131n azald\u0131\u011f\u0131n\u0131 ve yorulduklar\u0131n\u0131 bildirerek yetkililerden yard\u0131m&#8230;<\/p>\n","protected":false},"author":1,"featured_media":99270,"comment_status":"open","ping_status":"open","sticky":false,"template":"","format":"standard","meta":{"_crdt_document":"","footnotes":""},"categories":[5],"tags":[],"class_list":["post-99269","post","type-post","status-publish","format-standard","has-post-thumbnail","hentry","category-asayis"],"_links":{"self":[{"href":"https:\/\/www.egemtv.com\/index.php?rest_route=\/wp\/v2\/posts\/99269","targetHints":{"allow":["GET"]}}],"collection":[{"href":"https:\/\/www.egemtv.com\/index.php?rest_route=\/wp\/v2\/posts"}],"about":[{"href":"https:\/\/www.egemtv.com\/index.php?rest_route=\/wp\/v2\/types\/post"}],"author":[{"embeddable":true,"href":"https:\/\/www.egemtv.com\/index.php?rest_route=\/wp\/v2\/users\/1"}],"replies":[{"embeddable":true,"href":"https:\/\/www.egemtv.com\/index.php?rest_route=%2Fwp%2Fv2%2Fcomments&post=99269"}],"version-history":[{"count":1,"href":"https:\/\/www.egemtv.com\/index.php?rest_route=\/wp\/v2\/posts\/99269\/revisions"}],"predecessor-version":[{"id":99271,"href":"https:\/\/www.egemtv.com\/index.php?rest_route=\/wp\/v2\/posts\/99269\/revisions\/99271"}],"wp:featuredmedia":[{"embeddable":true,"href":"https:\/\/www.egemtv.com\/index.php?rest_route=\/wp\/v2\/media\/99270"}],"wp:attachment":[{"href":"https:\/\/www.egemtv.com\/index.php?rest_route=%2Fwp%2Fv2%2Fmedia&parent=99269"}],"wp:term":[{"taxonomy":"category","embeddable":true,"href":"https:\/\/www.egemtv.com\/index.php?rest_route=%2Fwp%2Fv2%2Fcategories&post=99269"},{"taxonomy":"post_tag","embeddable":true,"href":"https:\/\/www.egemtv.com\/index.php?rest_route=%2Fwp%2Fv2%2Ftags&post=99269"}],"curies":[{"name":"wp","href":"https:\/\/api.w.org\/{rel}","templated":true}]}}